{"id":7605,"date":"2026-03-20T10:48:00","date_gmt":"2026-03-20T08:48:00","guid":{"rendered":"https:\/\/www.anofm.ro\/mures\/?p=7605"},"modified":"2026-03-20T09:49:29","modified_gmt":"2026-03-20T07:49:29","slug":"locuri-de-munca-in-danemarca-17","status":"publish","type":"post","link":"https:\/\/www.anofm.ro\/mures\/locuri-de-munca-in-danemarca-17\/","title":{"rendered":"Locuri \u00a0de munc\u0103 \u00een Danemarca"},"content":{"rendered":"\n<p><strong>Locuri &nbsp;de munc\u0103 \u00een Danemarca<\/strong><\/p>\n\n\n\n<p>Angajatori &nbsp;din Danemarca &nbsp;ofer\u0103 prin intermediul re\u0163elei EURES Rom\u00e2nia:<\/p>\n\n\n\n<p>&#8211; <strong>20 <\/strong>de locuri de munc\u0103 vacante pentru tehnician de automatiz\u0103ri (ucenic);<\/p>\n\n\n\n<p>&#8211; <strong>20 <\/strong>de locuri de munc\u0103 vacante pentru fierar\/confec\u021bioner metalic (ucenic);<\/p>\n\n\n\n<p>&#8211; <strong>15 <\/strong>locuri de munc\u0103 vacante pentru mecanic utilaje grele (ucenic);<\/p>\n\n\n\n<p>&#8211; <strong>20 <\/strong>de locuri de munc\u0103 vacante pentru tehnician industrial (ucenic).<\/p>\n\n\n\n<div class=\"file-list-wrap\"><p class=\"h4\">Documente desc\u0103rcabile<\/p><ul class=\"file-list\">\n<li><a href=\"https:\/\/www.anofm.ro\/mures\/wp-content\/uploads\/sites\/30\/2026\/03\/2026_03_20_Comunicat-de-presa_ucenici-DK.pdf\" download>2026_03_20_Comunicat-de-presa_ucenici-DK.pdf<\/a><\/li>\n<\/ul><\/div>\n","protected":false},"excerpt":{"rendered":"<p>Locuri &nbsp;de munc\u0103 \u00een Danemarca Angajatori &nbsp;din Danemarca &nbsp;ofer\u0103 prin intermediul re\u0163elei EURES Rom\u00e2nia: &#8211; 20 de locuri de munc\u0103 vacante pentru tehnician de automatiz\u0103ri (ucenic); &#8211; 20 de locuri<\/p>\n","protected":false},"author":372,"featured_media":0,"comment_status":"closed","ping_status":"closed","sticky":false,"template":"","format":"standard","meta":{"footnotes":""},"categories":[9],"tags":[],"class_list":["post-7605","post","type-post","status-publish","format-standard","hentry","category-comunicate-de-presa"],"_links":{"self":[{"href":"https:\/\/www.anofm.ro\/mures\/wp-json\/wp\/v2\/posts\/7605","targetHints":{"allow":["GET"]}}],"collection":[{"href":"https:\/\/www.anofm.ro\/mures\/wp-json\/wp\/v2\/posts"}],"about":[{"href":"https:\/\/www.anofm.ro\/mures\/wp-json\/wp\/v2\/types\/post"}],"author":[{"embeddable":true,"href":"https:\/\/www.anofm.ro\/mures\/wp-json\/wp\/v2\/users\/372"}],"replies":[{"embeddable":true,"href":"https:\/\/www.anofm.ro\/mures\/wp-json\/wp\/v2\/comments?post=7605"}],"version-history":[{"count":1,"href":"https:\/\/www.anofm.ro\/mures\/wp-json\/wp\/v2\/posts\/7605\/revisions"}],"predecessor-version":[{"id":7607,"href":"https:\/\/www.anofm.ro\/mures\/wp-json\/wp\/v2\/posts\/7605\/revisions\/7607"}],"wp:attachment":[{"href":"https:\/\/www.anofm.ro\/mures\/wp-json\/wp\/v2\/media?parent=7605"}],"wp:term":[{"taxonomy":"category","embeddable":true,"href":"https:\/\/www.anofm.ro\/mures\/wp-json\/wp\/v2\/categories?post=7605"},{"taxonomy":"post_tag","embeddable":true,"href":"https:\/\/www.anofm.ro\/mures\/wp-json\/wp\/v2\/tags?post=7605"}],"curies":[{"name":"wp","href":"https:\/\/api.w.org\/{rel}","templated":true}]}}