{"id":7489,"date":"2026-02-23T10:44:00","date_gmt":"2026-02-23T08:44:00","guid":{"rendered":"https:\/\/www.anofm.ro\/mures\/?p=7489"},"modified":"2026-02-23T08:45:18","modified_gmt":"2026-02-23T06:45:18","slug":"260-rata-somajului-inregistrat-in-evidentele-ajofm-mures-in-luna-ianuarie-2026","status":"publish","type":"post","link":"https:\/\/www.anofm.ro\/mures\/260-rata-somajului-inregistrat-in-evidentele-ajofm-mures-in-luna-ianuarie-2026\/","title":{"rendered":"2,60 % &#8211;\u00a0 rata \u015fomajului \u00eenregistrat \u00een eviden\u0163ele AJOFM MURES \u00een luna IANUARIE 2026"},"content":{"rendered":"\n<p>La sf\u00e2r\u0219itul lunii Ianuarie, \u00een eviden\u021bele Agen\u021biei Jude\u021bene pentru Ocuparea For\u021bei de Munc\u0103 Mure\u0219, erau \u00eenregistra\u021bi 5380 \u0219omeri (din care 2549 femei), rata \u0219omajului fiind de 2,60%.<\/p>\n\n\n\n<p>Comparativ cu luna precedent\u0103, c\u00e2nd rata \u0219omajului a fost de 2,54%, \u00een aceast\u0103 lun\u0103 acest indicator a \u00eenregistrat <strong>o<\/strong> <strong>cre\u0219tere <\/strong>cu 0,06 pp.<\/p>\n\n\n\n<div class=\"file-list-wrap\"><p class=\"h4\">Documente desc\u0103rcabile<\/p><ul class=\"file-list\">\n<li><a href=\"https:\/\/www.anofm.ro\/mures\/wp-content\/uploads\/sites\/30\/2026\/02\/2026_02_23_Comunicat-de-presa-rata-somajului.pdf\" download>2026_02_23_Comunicat-de-presa-rata-somajului.pdf<\/a><\/li>\n<\/ul><\/div>\n","protected":false},"excerpt":{"rendered":"<p>La sf\u00e2r\u0219itul lunii Ianuarie, \u00een eviden\u021bele Agen\u021biei Jude\u021bene pentru Ocuparea For\u021bei de Munc\u0103 Mure\u0219, erau \u00eenregistra\u021bi 5380 \u0219omeri (din care 2549 femei), rata \u0219omajului fiind de 2,60%. Comparativ cu luna<\/p>\n","protected":false},"author":372,"featured_media":0,"comment_status":"closed","ping_status":"closed","sticky":false,"template":"","format":"standard","meta":{"footnotes":""},"categories":[9],"tags":[],"class_list":["post-7489","post","type-post","status-publish","format-standard","hentry","category-comunicate-de-presa"],"_links":{"self":[{"href":"https:\/\/www.anofm.ro\/mures\/wp-json\/wp\/v2\/posts\/7489","targetHints":{"allow":["GET"]}}],"collection":[{"href":"https:\/\/www.anofm.ro\/mures\/wp-json\/wp\/v2\/posts"}],"about":[{"href":"https:\/\/www.anofm.ro\/mures\/wp-json\/wp\/v2\/types\/post"}],"author":[{"embeddable":true,"href":"https:\/\/www.anofm.ro\/mures\/wp-json\/wp\/v2\/users\/372"}],"replies":[{"embeddable":true,"href":"https:\/\/www.anofm.ro\/mures\/wp-json\/wp\/v2\/comments?post=7489"}],"version-history":[{"count":1,"href":"https:\/\/www.anofm.ro\/mures\/wp-json\/wp\/v2\/posts\/7489\/revisions"}],"predecessor-version":[{"id":7491,"href":"https:\/\/www.anofm.ro\/mures\/wp-json\/wp\/v2\/posts\/7489\/revisions\/7491"}],"wp:attachment":[{"href":"https:\/\/www.anofm.ro\/mures\/wp-json\/wp\/v2\/media?parent=7489"}],"wp:term":[{"taxonomy":"category","embeddable":true,"href":"https:\/\/www.anofm.ro\/mures\/wp-json\/wp\/v2\/categories?post=7489"},{"taxonomy":"post_tag","embeddable":true,"href":"https:\/\/www.anofm.ro\/mures\/wp-json\/wp\/v2\/tags?post=7489"}],"curies":[{"name":"wp","href":"https:\/\/api.w.org\/{rel}","templated":true}]}}