{"id":7486,"date":"2026-02-23T10:43:00","date_gmt":"2026-02-23T08:43:00","guid":{"rendered":"https:\/\/www.anofm.ro\/mures\/?p=7486"},"modified":"2026-02-23T08:44:20","modified_gmt":"2026-02-23T06:44:20","slug":"a-maros-megyei-munkaero-foglalkoztatasi-ugynokseg-nyilvantartasaban-szereplo-adatok-szerint-2026-januarjaban-a-munkanelkulisegi-arany-260-volt","status":"publish","type":"post","link":"https:\/\/www.anofm.ro\/mures\/a-maros-megyei-munkaero-foglalkoztatasi-ugynokseg-nyilvantartasaban-szereplo-adatok-szerint-2026-januarjaban-a-munkanelkulisegi-arany-260-volt\/","title":{"rendered":"A Maros Megyei Munkaer\u0151-foglalkoztat\u00e1si \u00dcgyn\u00f6ks\u00e9g nyilv\u00e1ntart\u00e1s\u00e1ban szerepl\u0151 adatok szerint 2026 JANU\u00c1RJ\u00c1BAN a munkan\u00e9lk\u00fclis\u00e9gi ar\u00e1ny 2,60% volt."},"content":{"rendered":"\n<p>Janu\u00e1r v\u00e9g\u00e9n a Maros Megyei Munkaer\u0151-foglalkoztat\u00e1si \u00dcgyn\u00f6ks\u00e9g 5380 munkan\u00e9lk\u00fcli szem\u00e9lyt tartott nyilv\u00e1n (ebb\u0151l 2549 n\u0151), \u00edgy a munkan\u00e9lk\u00fclis\u00e9gi ar\u00e1ny 2,60%-os.<\/p>\n\n\n\n<p>Az el\u0151z\u0151 h\u00f3naphoz k\u00e9pest, amikor a munkan\u00e9lk\u00fclis\u00e9gi ar\u00e1ny 2,54%-os volt, ebben a h\u00f3napban ez a mutat\u00f3 0,06 sz\u00e1zal\u00e9kponttal <strong>n\u0151vekedett<\/strong><strong>.<\/strong><\/p>\n\n\n\n<div class=\"file-list-wrap\"><p class=\"h4\">Documente desc\u0103rcabile<\/p><ul class=\"file-list\">\n<li><a href=\"https:\/\/www.anofm.ro\/mures\/wp-content\/uploads\/sites\/30\/2026\/02\/2026_02_23_Comunicat-de-presa-rata-somajului-hun.pdf\" download>2026_02_23_Comunicat-de-presa-rata-somajului-hun.pdf<\/a><\/li>\n<\/ul><\/div>\n","protected":false},"excerpt":{"rendered":"<p>Janu\u00e1r v\u00e9g\u00e9n a Maros Megyei Munkaer\u0151-foglalkoztat\u00e1si \u00dcgyn\u00f6ks\u00e9g 5380 munkan\u00e9lk\u00fcli szem\u00e9lyt tartott nyilv\u00e1n (ebb\u0151l 2549 n\u0151), \u00edgy a munkan\u00e9lk\u00fclis\u00e9gi ar\u00e1ny 2,60%-os. Az el\u0151z\u0151 h\u00f3naphoz k\u00e9pest, amikor a munkan\u00e9lk\u00fclis\u00e9gi ar\u00e1ny 2,54%-os volt,<\/p>\n","protected":false},"author":372,"featured_media":0,"comment_status":"closed","ping_status":"closed","sticky":false,"template":"","format":"standard","meta":{"footnotes":""},"categories":[9],"tags":[],"class_list":["post-7486","post","type-post","status-publish","format-standard","hentry","category-comunicate-de-presa"],"_links":{"self":[{"href":"https:\/\/www.anofm.ro\/mures\/wp-json\/wp\/v2\/posts\/7486","targetHints":{"allow":["GET"]}}],"collection":[{"href":"https:\/\/www.anofm.ro\/mures\/wp-json\/wp\/v2\/posts"}],"about":[{"href":"https:\/\/www.anofm.ro\/mures\/wp-json\/wp\/v2\/types\/post"}],"author":[{"embeddable":true,"href":"https:\/\/www.anofm.ro\/mures\/wp-json\/wp\/v2\/users\/372"}],"replies":[{"embeddable":true,"href":"https:\/\/www.anofm.ro\/mures\/wp-json\/wp\/v2\/comments?post=7486"}],"version-history":[{"count":1,"href":"https:\/\/www.anofm.ro\/mures\/wp-json\/wp\/v2\/posts\/7486\/revisions"}],"predecessor-version":[{"id":7488,"href":"https:\/\/www.anofm.ro\/mures\/wp-json\/wp\/v2\/posts\/7486\/revisions\/7488"}],"wp:attachment":[{"href":"https:\/\/www.anofm.ro\/mures\/wp-json\/wp\/v2\/media?parent=7486"}],"wp:term":[{"taxonomy":"category","embeddable":true,"href":"https:\/\/www.anofm.ro\/mures\/wp-json\/wp\/v2\/categories?post=7486"},{"taxonomy":"post_tag","embeddable":true,"href":"https:\/\/www.anofm.ro\/mures\/wp-json\/wp\/v2\/tags?post=7486"}],"curies":[{"name":"wp","href":"https:\/\/api.w.org\/{rel}","templated":true}]}}