{"id":7339,"date":"2026-01-15T13:16:00","date_gmt":"2026-01-15T11:16:00","guid":{"rendered":"https:\/\/www.anofm.ro\/mures\/?p=7339"},"modified":"2026-01-15T11:17:35","modified_gmt":"2026-01-15T09:17:35","slug":"498-participanti-la-programele-de-formare-profesionala-organizate-de-ajofm-mures-in-anul-2025","status":"publish","type":"post","link":"https:\/\/www.anofm.ro\/mures\/498-participanti-la-programele-de-formare-profesionala-organizate-de-ajofm-mures-in-anul-2025\/","title":{"rendered":"498 participan\u0163i la programele de formare profesionala organizate de AJOFM Mure\u0219 \u00een anul 2025"},"content":{"rendered":"\n<p>\u00cen cursul anului 2025, Agen\u0163ia Jude\u021bean\u0103 pentru Ocuparea For\u0163ei de Munc\u0103 Mure\u0219 a cuprins\u00a0 \u00een\u00a0 programele de formare profesional\u0103 organizate prin intermediul Centrelor Regionale de\u00a0 Formare\u00a0 Profesional\u0103\u00a0 a\u00a0 Adul\u0163ilor Mure\u0219 \u0219i Bra\u0219ov, un num\u0103r de 498 persoane.<\/p>\n\n\n\n<div class=\"file-list-wrap\"><p class=\"h4\">Documente desc\u0103rcabile<\/p><ul class=\"file-list\">\n<li><a href=\"https:\/\/www.anofm.ro\/mures\/wp-content\/uploads\/sites\/30\/2026\/01\/2026_01_15_Comunicat-cursuri-formare-profesionala_2025.pdf\" download>2026_01_15_Comunicat-cursuri-formare-profesionala_2025.pdf<\/a><\/li>\n<\/ul><\/div>\n","protected":false},"excerpt":{"rendered":"<p>\u00cen cursul anului 2025, Agen\u0163ia Jude\u021bean\u0103 pentru Ocuparea For\u0163ei de Munc\u0103 Mure\u0219 a cuprins\u00a0 \u00een\u00a0 programele de formare profesional\u0103 organizate prin intermediul Centrelor Regionale de\u00a0 Formare\u00a0 Profesional\u0103\u00a0 a\u00a0 Adul\u0163ilor Mure\u0219<\/p>\n","protected":false},"author":372,"featured_media":0,"comment_status":"closed","ping_status":"closed","sticky":false,"template":"","format":"standard","meta":{"footnotes":""},"categories":[9],"tags":[],"class_list":["post-7339","post","type-post","status-publish","format-standard","hentry","category-comunicate-de-presa"],"_links":{"self":[{"href":"https:\/\/www.anofm.ro\/mures\/wp-json\/wp\/v2\/posts\/7339","targetHints":{"allow":["GET"]}}],"collection":[{"href":"https:\/\/www.anofm.ro\/mures\/wp-json\/wp\/v2\/posts"}],"about":[{"href":"https:\/\/www.anofm.ro\/mures\/wp-json\/wp\/v2\/types\/post"}],"author":[{"embeddable":true,"href":"https:\/\/www.anofm.ro\/mures\/wp-json\/wp\/v2\/users\/372"}],"replies":[{"embeddable":true,"href":"https:\/\/www.anofm.ro\/mures\/wp-json\/wp\/v2\/comments?post=7339"}],"version-history":[{"count":1,"href":"https:\/\/www.anofm.ro\/mures\/wp-json\/wp\/v2\/posts\/7339\/revisions"}],"predecessor-version":[{"id":7341,"href":"https:\/\/www.anofm.ro\/mures\/wp-json\/wp\/v2\/posts\/7339\/revisions\/7341"}],"wp:attachment":[{"href":"https:\/\/www.anofm.ro\/mures\/wp-json\/wp\/v2\/media?parent=7339"}],"wp:term":[{"taxonomy":"category","embeddable":true,"href":"https:\/\/www.anofm.ro\/mures\/wp-json\/wp\/v2\/categories?post=7339"},{"taxonomy":"post_tag","embeddable":true,"href":"https:\/\/www.anofm.ro\/mures\/wp-json\/wp\/v2\/tags?post=7339"}],"curies":[{"name":"wp","href":"https:\/\/api.w.org\/{rel}","templated":true}]}}