{"id":7252,"date":"2025-12-17T11:47:47","date_gmt":"2025-12-17T09:47:47","guid":{"rendered":"https:\/\/www.anofm.ro\/mures\/?p=7252"},"modified":"2025-12-16T11:48:31","modified_gmt":"2025-12-16T09:48:31","slug":"4-programe-de-formare-profesionala-vor-incepe-in-luna-ianuarie-2026","status":"publish","type":"post","link":"https:\/\/www.anofm.ro\/mures\/4-programe-de-formare-profesionala-vor-incepe-in-luna-ianuarie-2026\/","title":{"rendered":"4 programe de formare profesional\u0103 vor \u00eencepe \u00een luna ianuarie 2026"},"content":{"rendered":"\n<p>Agen\u021bia Jude\u021bean\u0103 pentru Ocuparea For\u021bei de Munc\u0103 Mure\u015f inten\u0163ioneaz\u0103 s\u0103 organizeze p\u00e2n\u0103 la 31 ianuarie 2026, <strong>4 program de formare profesional\u0103<\/strong> \u00een urm\u0103toarele meserii \u015fi ocupa\u0163ii:<\/p>\n\n\n\n<ol class=\"wp-block-list\">\n<li><a>Contabil, program de specializare (Tg. Mure\u0219);<\/a><\/li>\n\n\n\n<li>Electrician \u00een construc\u021bii, program de calificare (Tg. Mure\u015f);<\/li>\n\n\n\n<li>Coafor, program de calificare (Sighi\u0219oara);<\/li>\n\n\n\n<li>Lucr\u0103tor comercial, program de calificare (Tg. Mure\u015f).<\/li>\n<\/ol>\n\n\n\n<div class=\"file-list-wrap\"><p class=\"h4\">Documente desc\u0103rcabile<\/p><ul class=\"file-list\">\n<li><a href=\"https:\/\/www.anofm.ro\/mures\/wp-content\/uploads\/sites\/30\/2025\/12\/2025_12_17_Comunicat-cursuri-formare-profesionala_prognoza.pdf\" download>2025_12_17_Comunicat-cursuri-formare-profesionala_prognoza.pdf<\/a><\/li>\n<\/ul><\/div>\n","protected":false},"excerpt":{"rendered":"<p>Agen\u021bia Jude\u021bean\u0103 pentru Ocuparea For\u021bei de Munc\u0103 Mure\u015f inten\u0163ioneaz\u0103 s\u0103 organizeze p\u00e2n\u0103 la 31 ianuarie 2026, 4 program de formare profesional\u0103 \u00een urm\u0103toarele meserii \u015fi ocupa\u0163ii:<\/p>\n","protected":false},"author":372,"featured_media":0,"comment_status":"closed","ping_status":"closed","sticky":false,"template":"","format":"standard","meta":{"footnotes":""},"categories":[9],"tags":[],"class_list":["post-7252","post","type-post","status-publish","format-standard","hentry","category-comunicate-de-presa"],"_links":{"self":[{"href":"https:\/\/www.anofm.ro\/mures\/wp-json\/wp\/v2\/posts\/7252","targetHints":{"allow":["GET"]}}],"collection":[{"href":"https:\/\/www.anofm.ro\/mures\/wp-json\/wp\/v2\/posts"}],"about":[{"href":"https:\/\/www.anofm.ro\/mures\/wp-json\/wp\/v2\/types\/post"}],"author":[{"embeddable":true,"href":"https:\/\/www.anofm.ro\/mures\/wp-json\/wp\/v2\/users\/372"}],"replies":[{"embeddable":true,"href":"https:\/\/www.anofm.ro\/mures\/wp-json\/wp\/v2\/comments?post=7252"}],"version-history":[{"count":1,"href":"https:\/\/www.anofm.ro\/mures\/wp-json\/wp\/v2\/posts\/7252\/revisions"}],"predecessor-version":[{"id":7254,"href":"https:\/\/www.anofm.ro\/mures\/wp-json\/wp\/v2\/posts\/7252\/revisions\/7254"}],"wp:attachment":[{"href":"https:\/\/www.anofm.ro\/mures\/wp-json\/wp\/v2\/media?parent=7252"}],"wp:term":[{"taxonomy":"category","embeddable":true,"href":"https:\/\/www.anofm.ro\/mures\/wp-json\/wp\/v2\/categories?post=7252"},{"taxonomy":"post_tag","embeddable":true,"href":"https:\/\/www.anofm.ro\/mures\/wp-json\/wp\/v2\/tags?post=7252"}],"curies":[{"name":"wp","href":"https:\/\/api.w.org\/{rel}","templated":true}]}}