{"id":7182,"date":"2025-11-24T10:54:00","date_gmt":"2025-11-24T08:54:00","guid":{"rendered":"https:\/\/www.anofm.ro\/mures\/?p=7182"},"modified":"2025-11-24T08:56:01","modified_gmt":"2025-11-24T06:56:01","slug":"a-maros-megyei-munkaero-foglalkoztatasi-ugynokseg-nyilvantartasaban-szereplo-adatok-szerint-2025-oktobereben-a-munkanelkulisegi-arany-280-volt","status":"publish","type":"post","link":"https:\/\/www.anofm.ro\/mures\/a-maros-megyei-munkaero-foglalkoztatasi-ugynokseg-nyilvantartasaban-szereplo-adatok-szerint-2025-oktobereben-a-munkanelkulisegi-arany-280-volt\/","title":{"rendered":"A Maros Megyei Munkaer\u0151-foglalkoztat\u00e1si \u00dcgyn\u00f6ks\u00e9g nyilv\u00e1ntart\u00e1s\u00e1ban szerepl\u0151 adatok szerint 2025 okt\u00f3ber\u00e9ben a munkan\u00e9lk\u00fclis\u00e9gi ar\u00e1ny 2,80% volt."},"content":{"rendered":"\n<p>Okt\u00f3ber v\u00e9g\u00e9n a Maros Megyei Munkaer\u0151-foglalkoztat\u00e1si \u00dcgyn\u00f6ks\u00e9g 5813 munkan\u00e9lk\u00fcli szem\u00e9lyt tartott nyilv\u00e1n (ebb\u0151l 2704 n\u0151), \u00edgy a munkan\u00e9lk\u00fclis\u00e9gi ar\u00e1ny 2,80%-os.<\/p>\n\n\n\n<p>Az el\u0151z\u0151 h\u00f3naphoz k\u00e9pest, amikor a munkan\u00e9lk\u00fclis\u00e9gi ar\u00e1ny 2,68%-os volt, ebben a h\u00f3napban ez a mutat\u00f3 0,12 sz\u00e1zal\u00e9kponttal <strong>n\u00f6vekedett<\/strong><strong>.<\/strong><\/p>\n\n\n\n<div class=\"file-list-wrap\"><p class=\"h4\">Documente desc\u0103rcabile<\/p><ul class=\"file-list\">\n<li><a href=\"https:\/\/www.anofm.ro\/mures\/wp-content\/uploads\/sites\/30\/2025\/11\/2025_11_24_Comunicat-de-presa-rata-somajului-hun.pdf\" download>2025_11_24_Comunicat-de-presa-rata-somajului-hun.pdf<\/a><\/li>\n<\/ul><\/div>\n","protected":false},"excerpt":{"rendered":"<p>Okt\u00f3ber v\u00e9g\u00e9n a Maros Megyei Munkaer\u0151-foglalkoztat\u00e1si \u00dcgyn\u00f6ks\u00e9g 5813 munkan\u00e9lk\u00fcli szem\u00e9lyt tartott nyilv\u00e1n (ebb\u0151l 2704 n\u0151), \u00edgy a munkan\u00e9lk\u00fclis\u00e9gi ar\u00e1ny 2,80%-os. Az el\u0151z\u0151 h\u00f3naphoz k\u00e9pest, amikor a munkan\u00e9lk\u00fclis\u00e9gi ar\u00e1ny 2,68%-os volt,<\/p>\n","protected":false},"author":372,"featured_media":0,"comment_status":"closed","ping_status":"closed","sticky":false,"template":"","format":"standard","meta":{"footnotes":""},"categories":[9],"tags":[],"class_list":["post-7182","post","type-post","status-publish","format-standard","hentry","category-comunicate-de-presa"],"_links":{"self":[{"href":"https:\/\/www.anofm.ro\/mures\/wp-json\/wp\/v2\/posts\/7182","targetHints":{"allow":["GET"]}}],"collection":[{"href":"https:\/\/www.anofm.ro\/mures\/wp-json\/wp\/v2\/posts"}],"about":[{"href":"https:\/\/www.anofm.ro\/mures\/wp-json\/wp\/v2\/types\/post"}],"author":[{"embeddable":true,"href":"https:\/\/www.anofm.ro\/mures\/wp-json\/wp\/v2\/users\/372"}],"replies":[{"embeddable":true,"href":"https:\/\/www.anofm.ro\/mures\/wp-json\/wp\/v2\/comments?post=7182"}],"version-history":[{"count":1,"href":"https:\/\/www.anofm.ro\/mures\/wp-json\/wp\/v2\/posts\/7182\/revisions"}],"predecessor-version":[{"id":7184,"href":"https:\/\/www.anofm.ro\/mures\/wp-json\/wp\/v2\/posts\/7182\/revisions\/7184"}],"wp:attachment":[{"href":"https:\/\/www.anofm.ro\/mures\/wp-json\/wp\/v2\/media?parent=7182"}],"wp:term":[{"taxonomy":"category","embeddable":true,"href":"https:\/\/www.anofm.ro\/mures\/wp-json\/wp\/v2\/categories?post=7182"},{"taxonomy":"post_tag","embeddable":true,"href":"https:\/\/www.anofm.ro\/mures\/wp-json\/wp\/v2\/tags?post=7182"}],"curies":[{"name":"wp","href":"https:\/\/api.w.org\/{rel}","templated":true}]}}