{"id":7091,"date":"2025-11-03T10:01:46","date_gmt":"2025-11-03T08:01:46","guid":{"rendered":"https:\/\/www.anofm.ro\/mures\/?p=7091"},"modified":"2025-11-03T10:02:05","modified_gmt":"2025-11-03T08:02:05","slug":"locuri-de-munca-in-croatia-2","status":"publish","type":"post","link":"https:\/\/www.anofm.ro\/mures\/locuri-de-munca-in-croatia-2\/","title":{"rendered":"Locuri de munc\u0103 \u00een Croa\u021bia\u00a0\u00a0\u00a0\u00a0\u00a0\u00a0\u00a0\u00a0\u00a0\u00a0\u00a0\u00a0\u00a0\u00a0\u00a0\u00a0\u00a0\u00a0\u00a0\u00a0\u00a0\u00a0\u00a0\u00a0\u00a0\u00a0\u00a0\u00a0\u00a0\u00a0\u00a0\u00a0\u00a0\u00a0\u00a0\u00a0\u00a0\u00a0\u00a0\u00a0\u00a0\u00a0\u00a0\u00a0\u00a0\u00a0\u00a0\u00a0\u00a0\u00a0\u00a0\u00a0\u00a0\u00a0\u00a0\u00a0\u00a0\u00a0\u00a0\u00a0"},"content":{"rendered":"\n<p>Angajatorul SUMARSKE USLUGE SPEHAR din Croa\u021bia, ofer\u0103, prin intermediul re\u0163elei EURES Rom\u00e2nia, 2 locuri de munc\u0103 vacante pentru <strong>tractori\u0219ti<\/strong> (operator tractor \u00een p\u0103dure). Locurile de munc\u0103 sunt permanente, cu norm\u0103 \u00eentreag\u0103. Angajatorul are sediul \u00een Vrbovsko, Croa\u021bia.<\/p>\n\n\n\n<div class=\"file-list-wrap\"><p class=\"h4\">Documente desc\u0103rcabile<\/p><ul class=\"file-list\">\n<li><a href=\"https:\/\/www.anofm.ro\/mures\/wp-content\/uploads\/sites\/30\/2025\/11\/2025_11_03_Comunicat-de-presa-tractorist-CROATIA.pdf\" download>2025_11_03_Comunicat-de-presa-tractorist-CROATIA.pdf<\/a><\/li>\n<\/ul><\/div>\n","protected":false},"excerpt":{"rendered":"<p>Angajatorul SUMARSKE USLUGE SPEHAR din Croa\u021bia, ofer\u0103, prin intermediul re\u0163elei EURES Rom\u00e2nia, 2 locuri de munc\u0103 vacante pentru tractori\u0219ti (operator tractor \u00een p\u0103dure). Locurile de munc\u0103 sunt permanente, cu norm\u0103<\/p>\n","protected":false},"author":372,"featured_media":0,"comment_status":"closed","ping_status":"closed","sticky":false,"template":"","format":"standard","meta":{"footnotes":""},"categories":[9],"tags":[],"class_list":["post-7091","post","type-post","status-publish","format-standard","hentry","category-comunicate-de-presa"],"_links":{"self":[{"href":"https:\/\/www.anofm.ro\/mures\/wp-json\/wp\/v2\/posts\/7091","targetHints":{"allow":["GET"]}}],"collection":[{"href":"https:\/\/www.anofm.ro\/mures\/wp-json\/wp\/v2\/posts"}],"about":[{"href":"https:\/\/www.anofm.ro\/mures\/wp-json\/wp\/v2\/types\/post"}],"author":[{"embeddable":true,"href":"https:\/\/www.anofm.ro\/mures\/wp-json\/wp\/v2\/users\/372"}],"replies":[{"embeddable":true,"href":"https:\/\/www.anofm.ro\/mures\/wp-json\/wp\/v2\/comments?post=7091"}],"version-history":[{"count":1,"href":"https:\/\/www.anofm.ro\/mures\/wp-json\/wp\/v2\/posts\/7091\/revisions"}],"predecessor-version":[{"id":7093,"href":"https:\/\/www.anofm.ro\/mures\/wp-json\/wp\/v2\/posts\/7091\/revisions\/7093"}],"wp:attachment":[{"href":"https:\/\/www.anofm.ro\/mures\/wp-json\/wp\/v2\/media?parent=7091"}],"wp:term":[{"taxonomy":"category","embeddable":true,"href":"https:\/\/www.anofm.ro\/mures\/wp-json\/wp\/v2\/categories?post=7091"},{"taxonomy":"post_tag","embeddable":true,"href":"https:\/\/www.anofm.ro\/mures\/wp-json\/wp\/v2\/tags?post=7091"}],"curies":[{"name":"wp","href":"https:\/\/api.w.org\/{rel}","templated":true}]}}