{"id":7033,"date":"2025-10-16T11:37:13","date_gmt":"2025-10-16T08:37:13","guid":{"rendered":"https:\/\/www.anofm.ro\/mures\/?p=7033"},"modified":"2025-10-16T11:37:13","modified_gmt":"2025-10-16T08:37:13","slug":"locuri-de-munca-in-suedia","status":"publish","type":"post","link":"https:\/\/www.anofm.ro\/mures\/locuri-de-munca-in-suedia\/","title":{"rendered":"Locuri de munc\u0103 \u00een Suedia\u00a0\u00a0\u00a0\u00a0\u00a0\u00a0\u00a0\u00a0\u00a0\u00a0\u00a0\u00a0\u00a0\u00a0\u00a0\u00a0\u00a0\u00a0\u00a0\u00a0\u00a0\u00a0\u00a0\u00a0\u00a0\u00a0\u00a0\u00a0\u00a0\u00a0\u00a0\u00a0\u00a0\u00a0\u00a0\u00a0\u00a0\u00a0\u00a0\u00a0\u00a0\u00a0\u00a0\u00a0\u00a0\u00a0\u00a0\u00a0\u00a0\u00a0\u00a0\u00a0\u00a0\u00a0\u00a0\u00a0"},"content":{"rendered":"\n<p>SMS group Nordic AB din Suedia ofer\u0103, prin intermediul re\u0163elei EURES Rom\u00e2nia, 2 locuri de munc\u0103 vacante pentru <strong>mecanici.<\/strong> Locurile de munc\u0103 vor fi \u00een localitatea Boden, regiunea Norrbottens Suedia. Locurile de munc\u0103 \u00a0sunt ini\u021bial pe 6 luni de prob\u0103, ulterior se va \u00eencheia\u00a0 contract permanent.<\/p>\n\n\n\n<div class=\"file-list-wrap\"><p class=\"h4\">Documente desc\u0103rcabile<\/p><ul class=\"file-list\">\n<li><a href=\"https:\/\/www.anofm.ro\/mures\/wp-content\/uploads\/sites\/30\/2025\/10\/2025_10_16_Comunicat-de-presa-mecanic-Suedia.pdf\" download>2025_10_16_Comunicat-de-presa-mecanic-Suedia.pdf<\/a><\/li>\n<\/ul><\/div>\n","protected":false},"excerpt":{"rendered":"<p>SMS group Nordic AB din Suedia ofer\u0103, prin intermediul re\u0163elei EURES Rom\u00e2nia, 2 locuri de munc\u0103 vacante pentru mecanici. Locurile de munc\u0103 vor fi \u00een localitatea Boden, regiunea Norrbottens Suedia.<\/p>\n","protected":false},"author":372,"featured_media":0,"comment_status":"closed","ping_status":"closed","sticky":false,"template":"","format":"standard","meta":{"footnotes":""},"categories":[9],"tags":[],"class_list":["post-7033","post","type-post","status-publish","format-standard","hentry","category-comunicate-de-presa"],"_links":{"self":[{"href":"https:\/\/www.anofm.ro\/mures\/wp-json\/wp\/v2\/posts\/7033","targetHints":{"allow":["GET"]}}],"collection":[{"href":"https:\/\/www.anofm.ro\/mures\/wp-json\/wp\/v2\/posts"}],"about":[{"href":"https:\/\/www.anofm.ro\/mures\/wp-json\/wp\/v2\/types\/post"}],"author":[{"embeddable":true,"href":"https:\/\/www.anofm.ro\/mures\/wp-json\/wp\/v2\/users\/372"}],"replies":[{"embeddable":true,"href":"https:\/\/www.anofm.ro\/mures\/wp-json\/wp\/v2\/comments?post=7033"}],"version-history":[{"count":1,"href":"https:\/\/www.anofm.ro\/mures\/wp-json\/wp\/v2\/posts\/7033\/revisions"}],"predecessor-version":[{"id":7035,"href":"https:\/\/www.anofm.ro\/mures\/wp-json\/wp\/v2\/posts\/7033\/revisions\/7035"}],"wp:attachment":[{"href":"https:\/\/www.anofm.ro\/mures\/wp-json\/wp\/v2\/media?parent=7033"}],"wp:term":[{"taxonomy":"category","embeddable":true,"href":"https:\/\/www.anofm.ro\/mures\/wp-json\/wp\/v2\/categories?post=7033"},{"taxonomy":"post_tag","embeddable":true,"href":"https:\/\/www.anofm.ro\/mures\/wp-json\/wp\/v2\/tags?post=7033"}],"curies":[{"name":"wp","href":"https:\/\/api.w.org\/{rel}","templated":true}]}}