{"id":6853,"date":"2025-09-04T12:09:34","date_gmt":"2025-09-04T09:09:34","guid":{"rendered":"https:\/\/www.anofm.ro\/mures\/?p=6853"},"modified":"2025-09-04T12:09:34","modified_gmt":"2025-09-04T09:09:34","slug":"un-nou-program-de-formare-profesionala-va-incepe-in-luna-septembrie-2025","status":"publish","type":"post","link":"https:\/\/www.anofm.ro\/mures\/un-nou-program-de-formare-profesionala-va-incepe-in-luna-septembrie-2025\/","title":{"rendered":"Un nou program de formare profesional\u0103 va \u00eencepe \u00een luna septembrie 2025"},"content":{"rendered":"\n<p>Agen\u021bia Jude\u021bean\u0103 pentru Ocuparea For\u021bei de Munc\u0103 Mure\u015f inten\u0163ioneaz\u0103 s\u0103 organizeze p\u00e2n\u0103 la 30 septembrie 2025, <strong>un program de formare profesional\u0103<\/strong> astfel:<\/p>\n\n\n\n<ol class=\"wp-block-list\">\n<li><a>Lucr\u0103tor comercial<\/a>, program de calificare (Tg. Mure\u015f).<\/li>\n<\/ol>\n\n\n\n<p>\u00cen anul 2025, agen\u021bia a organizat <strong>16 programe de formare profesional\u0103, <\/strong>din care 15 programe pentru \u0219omeri<strong>, <\/strong>\u0219i un program de formare profesional\u0103 pentru persoanele aflate \u00een deten\u021bie, la care <strong>au fost cuprinse un num\u0103r de 257 persoane <\/strong>din care 245 \u015fomeri (155 \u0219omeri indemniza\u021bi \u0219i 90 \u0219omeri neindemniza\u021bi), \u0219i 12 persoane din&nbsp; categoria&nbsp; persoanelor care beneficiaz\u0103&nbsp; de&nbsp; gratuitate, al\u021bii dec\u00e2t \u0219omerii, respectiv persoane aflate \u00een custodia Penitenciarului T\u00e2rgu Mure\u0219. Dintre aceste programe, 11 programe de calificare\/recalificare, 4 programe de specializare, \u0219i 1 programe competen\u021be cheie\/competen\u021be transversale.<\/p>\n\n\n\n<div class=\"file-list-wrap\"><p class=\"h4\">Documente desc\u0103rcabile<\/p><ul class=\"file-list\">\n<li><a href=\"https:\/\/www.anofm.ro\/mures\/wp-content\/uploads\/sites\/30\/2025\/09\/2025_09_04_Comunicat-cursuri-formare-profesionala_prognoza.pdf\" download>2025_09_04_Comunicat-cursuri-formare-profesionala_prognoza.pdf<\/a><\/li>\n<\/ul><\/div>\n","protected":false},"excerpt":{"rendered":"<p>Agen\u021bia Jude\u021bean\u0103 pentru Ocuparea For\u021bei de Munc\u0103 Mure\u015f inten\u0163ioneaz\u0103 s\u0103 organizeze p\u00e2n\u0103 la 30 septembrie 2025, un program de formare profesional\u0103 astfel: \u00cen anul 2025, agen\u021bia a organizat 16 programe<\/p>\n","protected":false},"author":372,"featured_media":0,"comment_status":"closed","ping_status":"closed","sticky":false,"template":"","format":"standard","meta":{"footnotes":""},"categories":[9],"tags":[],"class_list":["post-6853","post","type-post","status-publish","format-standard","hentry","category-comunicate-de-presa"],"_links":{"self":[{"href":"https:\/\/www.anofm.ro\/mures\/wp-json\/wp\/v2\/posts\/6853","targetHints":{"allow":["GET"]}}],"collection":[{"href":"https:\/\/www.anofm.ro\/mures\/wp-json\/wp\/v2\/posts"}],"about":[{"href":"https:\/\/www.anofm.ro\/mures\/wp-json\/wp\/v2\/types\/post"}],"author":[{"embeddable":true,"href":"https:\/\/www.anofm.ro\/mures\/wp-json\/wp\/v2\/users\/372"}],"replies":[{"embeddable":true,"href":"https:\/\/www.anofm.ro\/mures\/wp-json\/wp\/v2\/comments?post=6853"}],"version-history":[{"count":1,"href":"https:\/\/www.anofm.ro\/mures\/wp-json\/wp\/v2\/posts\/6853\/revisions"}],"predecessor-version":[{"id":6855,"href":"https:\/\/www.anofm.ro\/mures\/wp-json\/wp\/v2\/posts\/6853\/revisions\/6855"}],"wp:attachment":[{"href":"https:\/\/www.anofm.ro\/mures\/wp-json\/wp\/v2\/media?parent=6853"}],"wp:term":[{"taxonomy":"category","embeddable":true,"href":"https:\/\/www.anofm.ro\/mures\/wp-json\/wp\/v2\/categories?post=6853"},{"taxonomy":"post_tag","embeddable":true,"href":"https:\/\/www.anofm.ro\/mures\/wp-json\/wp\/v2\/tags?post=6853"}],"curies":[{"name":"wp","href":"https:\/\/api.w.org\/{rel}","templated":true}]}}