{"id":6617,"date":"2025-07-15T08:38:56","date_gmt":"2025-07-15T05:38:56","guid":{"rendered":"https:\/\/www.anofm.ro\/mures\/?p=6617"},"modified":"2025-07-15T08:39:21","modified_gmt":"2025-07-15T05:39:21","slug":"in-atentia-absolventilor-de-invatamant-promotia-2025-2","status":"publish","type":"post","link":"https:\/\/www.anofm.ro\/mures\/in-atentia-absolventilor-de-invatamant-promotia-2025-2\/","title":{"rendered":"In aten\u0163ia absolven\u0163ilor de \u00eenv\u0103\u021b\u0103m\u00e2nt, promo\u0163ia 2025"},"content":{"rendered":"\n<p>Agen\u021bia Jude\u021bean\u0103 pentru Ocuparea For\u021bei de Munc\u0103 Mure\u0219, a\u0219teapt\u0103 pe to\u021bi absolven\u021bii institu\u021biilor de \u00eenv\u0103\u021b\u0103m\u00e2nt promo\u021bia 2025, s\u0103 se \u00eenregistreze<strong> \u00een termen de 60 de zile de la absolvire<\/strong> \u00een eviden\u021bele institu\u021biei, ca persoan\u0103 aflat\u0103 \u00een c\u0103utarea unui loc de munc\u0103. Acest demers este necesar pentru a putea beneficia gratuit de servicii specializate menite s\u0103 \u00eei ajute \u00een integrarea pe pia\u021ba muncii.<\/p>\n\n\n\n<p>Prin absolvent al unei institu\u0163ii de \u00eenv\u0103\u0163\u0103m\u00e2nt se \u00een\u0163elege persoana care a ob\u0163inut o diplom\u0103 sau un certificat de studii, conform legisla\u021biei \u00een vigoare, \u00een una dintre institu\u0163iile de \u00eenv\u0103\u0163\u0103m\u00e2nt gimnazial, profesional, special, liceal, postliceal sau superior, de stat ori particular, autorizat sau acreditat \u00een condi\u0163iile legii.<\/p>\n\n\n\n<p><strong>Men\u021bion\u0103m c\u0103,<\/strong> \u00een cazul <strong>absolven\u0163ilor de liceu<\/strong>, indiferent dac\u0103 a fost sau nu promovat examenul de Bacalaureat, <strong>termenul de 60 de zile se calculeaz\u0103 \u00eencep\u00e2nd cu ziua urm\u0103toare datei absolvirii, stabilit\u0103 conform Ordinului nr.3694\/01.02.2024. <\/strong>De asemenea, elevii care nu au situa\u0163ia \u0219colar\u0103 \u00eencheiat\u0103 la toate materiile, se pot \u00eenregistra \u00een eviden\u021bele agen\u021biei \u00een termen de 60 de zile de la data promov\u0103rii examenului de corigen\u021b\u0103, data \u00eenscris\u0103 \u00een adeverin\u0163a eliberat\u0103 de institu\u0163ia de \u00eenv\u0103\u0163\u0103m\u00e2nt.<\/p>\n\n\n\n<p>Preciz\u0103m c\u0103 \u00eenregistrarea ca persoan\u0103 aflat\u0103 \u00een c\u0103utarea unui loc de munc\u0103 este o etap\u0103 prealabil\u0103 \u0219i obligatorie \u00een vederea ob\u021binerii facilit\u0103\u021bilor acordate potrivit Legii nr. 76\/2002 privind sistemul asigur\u0103rilor pentru \u0219omaj \u0219i stimularea ocup\u0103rii for\u021bei de munc\u0103.<\/p>\n\n\n\n<p>Astfel, absolven\u0163ii institu\u021biilor de \u00eenv\u0103\u021b\u0103m\u00e2nt care se \u00eenregistreaz\u0103 \u00een eviden\u0163ele agen\u0163iilor pentru ocuparea for\u021bei de munc\u0103 \u00een raza c\u0103rora \u00ee\u0219i au domiciliul, ca persoane aflate \u00een c\u0103utarea unui loc de munc\u0103 beneficiaz\u0103 de servicii de informare \u015fi consiliere profesional\u0103, medierea muncii, servicii gratuite de formare profesional\u0103, precum \u0219i de m\u0103suri de stimulare a ocup\u0103rii (prime).<\/p>\n\n\n\n<p>Actele necesare pentru \u00eenregistrarea absolven\u021bilor \u00een eviden\u0163ele agen\u0163iilor teritoriale ca persoane aflate \u00een c\u0103utarea unui loc de munc\u0103, sunt:<\/p>\n\n\n\n<p>\u2022 actul de identitate;<\/p>\n\n\n\n<p>\u2022 diploma de absolvire sau adeverin\u0163a din care s\u0103 rezulte data absolvirii;<\/p>\n\n\n\n<p>\u2022 CV<\/p>\n\n\n\n<ul class=\"wp-block-list\">\n<li>\u00a0declara\u021bie pe proprie r\u0103spundere- privind starea de s\u0103n\u0103tate (anexa 1) \u2013 formular tipizat;<\/li>\n\n\n\n<li>\u00a0acord de utilizare a datelor cu caracter personal (anexa 6) \u2013 formular tipizat.<\/li>\n<\/ul>\n\n\n\n<p><strong>Dup\u0103 expirarea termenului de 60 de zile de la absolvire<\/strong>, \u00een cazul \u00een care absolven\u021bii s-au \u00eenregistrat ca persoane aflate \u00een c\u0103utarea unui loc de munc\u0103, ace\u015ftia <strong>pot <\/strong>beneficia, la cerere, de indemniza\u021bie de \u0219omaj \u00een cuantum de 50% din valoarea ISR \u00een vigoare pentru o perioad\u0103 de 6 luni. Persoanele care, la data solicit\u0103rii dreptului, refuz\u0103 un loc de munc\u0103 potrivit preg\u0103tirii sau nivelului studiilor sau refuz\u0103 participarea la servicii pentru stimularea ocup\u0103rii \u015fi de formare profesional\u0103 oferite de agen\u0163iile pentru ocuparea for\u0163ei de munc\u0103, nu beneficiaz\u0103 de indemniza\u0163ie de \u015fomaj.<\/p>\n\n\n\n<p>De asemenea, \u00een conformitate cu prevederile Legii nr. 76\/2002 privind sistemul asigur\u0103rilor pentru \u0219omaj \u0219i stimularea ocup\u0103rii for\u021bei de munc\u0103, absolven\u0163ii institu\u0163iilor de \u00eenv\u0103\u0163\u0103m\u00e2nt, \u00een v\u00e2rst\u0103 de minimum 16 ani, care \u00een termen de 60 de zile de la absolvire, se \u00eenregistreaz\u0103 \u00een eviden\u0163ele Agen\u021biei Jude\u021bene pentru Ocuparea For\u021bei de Munc\u0103 Mure\u0219 \u0219i la punctele de lucru Ludu\u0219, Reghin, Sighi\u0219oara, T\u00e2rn\u0103veni \u0219i Sovata, \u00een raza c\u0103rora \u00ee\u0219i au domiciliul \u015fi se angajeaz\u0103 cu norm\u0103 \u00eentreag\u0103 pentru o perioad\u0103 mai mare de 12 luni, <strong>beneficiaz\u0103 de o prim\u0103 de inser\u0163ie egal\u0103 cu de 3 ori valoarea indicatorului social de referin\u0163\u0103 (ISR) \u00een vigoare la data \u00eencadr\u0103rii<\/strong> (ISR \u2013 660 lei).<\/p>\n","protected":false},"excerpt":{"rendered":"<p>Agen\u021bia Jude\u021bean\u0103 pentru Ocuparea For\u021bei de Munc\u0103 Mure\u0219, a\u0219teapt\u0103 pe to\u021bi absolven\u021bii institu\u021biilor de \u00eenv\u0103\u021b\u0103m\u00e2nt promo\u021bia 2025, s\u0103 se \u00eenregistreze \u00een termen de 60 de zile de la absolvire \u00een<\/p>\n","protected":false},"author":372,"featured_media":6612,"comment_status":"closed","ping_status":"closed","sticky":false,"template":"","format":"standard","meta":{"footnotes":""},"categories":[9],"tags":[],"class_list":["post-6617","post","type-post","status-publish","format-standard","has-post-thumbnail","hentry","category-comunicate-de-presa"],"_links":{"self":[{"href":"https:\/\/www.anofm.ro\/mures\/wp-json\/wp\/v2\/posts\/6617","targetHints":{"allow":["GET"]}}],"collection":[{"href":"https:\/\/www.anofm.ro\/mures\/wp-json\/wp\/v2\/posts"}],"about":[{"href":"https:\/\/www.anofm.ro\/mures\/wp-json\/wp\/v2\/types\/post"}],"author":[{"embeddable":true,"href":"https:\/\/www.anofm.ro\/mures\/wp-json\/wp\/v2\/users\/372"}],"replies":[{"embeddable":true,"href":"https:\/\/www.anofm.ro\/mures\/wp-json\/wp\/v2\/comments?post=6617"}],"version-history":[{"count":1,"href":"https:\/\/www.anofm.ro\/mures\/wp-json\/wp\/v2\/posts\/6617\/revisions"}],"predecessor-version":[{"id":6618,"href":"https:\/\/www.anofm.ro\/mures\/wp-json\/wp\/v2\/posts\/6617\/revisions\/6618"}],"wp:featuredmedia":[{"embeddable":true,"href":"https:\/\/www.anofm.ro\/mures\/wp-json\/wp\/v2\/media\/6612"}],"wp:attachment":[{"href":"https:\/\/www.anofm.ro\/mures\/wp-json\/wp\/v2\/media?parent=6617"}],"wp:term":[{"taxonomy":"category","embeddable":true,"href":"https:\/\/www.anofm.ro\/mures\/wp-json\/wp\/v2\/categories?post=6617"},{"taxonomy":"post_tag","embeddable":true,"href":"https:\/\/www.anofm.ro\/mures\/wp-json\/wp\/v2\/tags?post=6617"}],"curies":[{"name":"wp","href":"https:\/\/api.w.org\/{rel}","templated":true}]}}