{"id":6499,"date":"2025-06-12T09:25:17","date_gmt":"2025-06-12T06:25:17","guid":{"rendered":"https:\/\/www.anofm.ro\/mures\/?p=6499"},"modified":"2025-06-12T09:25:17","modified_gmt":"2025-06-12T06:25:17","slug":"in-atentia-absolventilor-de-invatamant-promotia-2025","status":"publish","type":"post","link":"https:\/\/www.anofm.ro\/mures\/in-atentia-absolventilor-de-invatamant-promotia-2025\/","title":{"rendered":"In aten\u0163ia absolven\u0163ilor de \u00eenv\u0103\u021b\u0103m\u00e2nt, promo\u0163ia 2025"},"content":{"rendered":"\n<p>Agen\u021bia Jude\u021bean\u0103 pentru Ocuparea For\u021bei de Munc\u0103 Mure\u0219, a\u0219teapt\u0103 pe to\u021bi absolven\u021bii institu\u021biilor de \u00eenv\u0103\u021b\u0103m\u00e2nt promo\u021bia 2025, s\u0103 se \u00eenregistreze<strong> \u00een termen de 60 de zile de la absolvire<\/strong> \u00een eviden\u021bele institu\u021biei, ca persoan\u0103 aflat\u0103 \u00een c\u0103utarea unui loc de munc\u0103. Acest demers este necesar pentru a putea beneficia gratuit de servicii specializate menite s\u0103 \u00eei ajute \u00een integrarea pe pia\u021ba muncii.<\/p>\n\n\n\n<div class=\"file-list-wrap\"><p class=\"h4\">Documente desc\u0103rcabile<\/p><ul class=\"file-list\">\n<li><a href=\"https:\/\/www.anofm.ro\/mures\/wp-content\/uploads\/sites\/30\/2025\/06\/2025_06_12_Comunicat-inregistrare-absolventi.pdf\" download>2025_06_12_Comunicat-inregistrare-absolventi.pdf<\/a><\/li>\n<\/ul><\/div>\n","protected":false},"excerpt":{"rendered":"<p>Agen\u021bia Jude\u021bean\u0103 pentru Ocuparea For\u021bei de Munc\u0103 Mure\u0219, a\u0219teapt\u0103 pe to\u021bi absolven\u021bii institu\u021biilor de \u00eenv\u0103\u021b\u0103m\u00e2nt promo\u021bia 2025, s\u0103 se \u00eenregistreze \u00een termen de 60 de zile de la absolvire \u00een<\/p>\n","protected":false},"author":372,"featured_media":6501,"comment_status":"closed","ping_status":"closed","sticky":false,"template":"","format":"standard","meta":{"footnotes":""},"categories":[9],"tags":[],"class_list":["post-6499","post","type-post","status-publish","format-standard","has-post-thumbnail","hentry","category-comunicate-de-presa"],"_links":{"self":[{"href":"https:\/\/www.anofm.ro\/mures\/wp-json\/wp\/v2\/posts\/6499","targetHints":{"allow":["GET"]}}],"collection":[{"href":"https:\/\/www.anofm.ro\/mures\/wp-json\/wp\/v2\/posts"}],"about":[{"href":"https:\/\/www.anofm.ro\/mures\/wp-json\/wp\/v2\/types\/post"}],"author":[{"embeddable":true,"href":"https:\/\/www.anofm.ro\/mures\/wp-json\/wp\/v2\/users\/372"}],"replies":[{"embeddable":true,"href":"https:\/\/www.anofm.ro\/mures\/wp-json\/wp\/v2\/comments?post=6499"}],"version-history":[{"count":1,"href":"https:\/\/www.anofm.ro\/mures\/wp-json\/wp\/v2\/posts\/6499\/revisions"}],"predecessor-version":[{"id":6502,"href":"https:\/\/www.anofm.ro\/mures\/wp-json\/wp\/v2\/posts\/6499\/revisions\/6502"}],"wp:featuredmedia":[{"embeddable":true,"href":"https:\/\/www.anofm.ro\/mures\/wp-json\/wp\/v2\/media\/6501"}],"wp:attachment":[{"href":"https:\/\/www.anofm.ro\/mures\/wp-json\/wp\/v2\/media?parent=6499"}],"wp:term":[{"taxonomy":"category","embeddable":true,"href":"https:\/\/www.anofm.ro\/mures\/wp-json\/wp\/v2\/categories?post=6499"},{"taxonomy":"post_tag","embeddable":true,"href":"https:\/\/www.anofm.ro\/mures\/wp-json\/wp\/v2\/tags?post=6499"}],"curies":[{"name":"wp","href":"https:\/\/api.w.org\/{rel}","templated":true}]}}