{"id":59,"date":"2020-04-29T00:00:00","date_gmt":"2020-04-28T21:00:00","guid":{"rendered":"https:\/\/www.anofm.ro\/mures\/documentele-aferente-somajului-tehnic-pentru-luna-aprilie-se-vor-incarca-pe-platforma-online-aici-gov-ro-incepand-cu-data-de-1-mai-2020\/"},"modified":"2020-04-29T00:00:00","modified_gmt":"2020-04-28T21:00:00","slug":"documentele-aferente-somajului-tehnic-pentru-luna-aprilie-se-vor-incarca-pe-platforma-online-aici-gov-ro-incepand-cu-data-de-1-mai-2020","status":"publish","type":"post","link":"https:\/\/www.anofm.ro\/mures\/documentele-aferente-somajului-tehnic-pentru-luna-aprilie-se-vor-incarca-pe-platforma-online-aici-gov-ro-incepand-cu-data-de-1-mai-2020\/","title":{"rendered":"Documentele aferente \u0219omajului tehnic pentru luna aprilie, se vor \u00eenc\u0103rca pe platforma online aici.gov.ro incepand cu data de 1 MAI 2020"},"content":{"rendered":"<p><font style=\"font-size: 14px\">Agentia Jude\u021bean\u0103 pentru Ocuparea For\u021bei de Munc\u0103 aduce la cuno\u0219tin\u021b\u0103 agen\u021bilor economici, faptul c\u0103 depunerea documenta\u021biei, pentru luna aprilie, pentru acordarea \u0219omajului tehnic angaja\u021bilor c\u0103rora le-au fost suspendate temporar contractele individuale de munc\u0103 din ini\u021biativa angajatorului, potrivit art. 52 alin. (1) lit. c) din Legea nr. 53\/2003 &#8211; Codul Muncii, cu modific\u0103rile \u0219i complet\u0103rile ulterioare, se va face \u00eencep\u00e2nd cu data de <b>01.05.2020<\/b>, prin transmiterea documentelor pe platforma digital\u0103 aici.gov.ro,<\/font><\/p>\n<p><font style=\"font-size: 14px\"><a href=\"\/upload\/12385\/2020_04_01_Comunicat_de_presa_somaj_februarie.pdf\">2020_04_01_Comunicat_de_presa_somaj_februarie.pdf<\/a> <\/font><\/p><\/p>\n","protected":false},"excerpt":{"rendered":"<p>Documentele aferente \u0219omajului tehnic pentru luna aprilie, se vor \u00eenc\u0103rca pe platforma online aici.gov.ro incepand cu data de 1 MAI 2020<\/p>\n","protected":false},"author":0,"featured_media":0,"comment_status":"closed","ping_status":"closed","sticky":false,"template":"","format":"standard","meta":{"footnotes":""},"categories":[9],"tags":[],"class_list":["post-59","post","type-post","status-publish","format-standard","hentry","category-comunicate-de-presa"],"_links":{"self":[{"href":"https:\/\/www.anofm.ro\/mures\/wp-json\/wp\/v2\/posts\/59","targetHints":{"allow":["GET"]}}],"collection":[{"href":"https:\/\/www.anofm.ro\/mures\/wp-json\/wp\/v2\/posts"}],"about":[{"href":"https:\/\/www.anofm.ro\/mures\/wp-json\/wp\/v2\/types\/post"}],"replies":[{"embeddable":true,"href":"https:\/\/www.anofm.ro\/mures\/wp-json\/wp\/v2\/comments?post=59"}],"version-history":[{"count":0,"href":"https:\/\/www.anofm.ro\/mures\/wp-json\/wp\/v2\/posts\/59\/revisions"}],"wp:attachment":[{"href":"https:\/\/www.anofm.ro\/mures\/wp-json\/wp\/v2\/media?parent=59"}],"wp:term":[{"taxonomy":"category","embeddable":true,"href":"https:\/\/www.anofm.ro\/mures\/wp-json\/wp\/v2\/categories?post=59"},{"taxonomy":"post_tag","embeddable":true,"href":"https:\/\/www.anofm.ro\/mures\/wp-json\/wp\/v2\/tags?post=59"}],"curies":[{"name":"wp","href":"https:\/\/api.w.org\/{rel}","templated":true}]}}