{"id":5561,"date":"2025-01-23T15:48:33","date_gmt":"2025-01-23T13:48:33","guid":{"rendered":"https:\/\/www.anofm.ro\/mures\/?p=5561"},"modified":"2025-01-23T15:48:44","modified_gmt":"2025-01-23T13:48:44","slug":"agenda-de-lucru-pentru-perioada-27-ianuarie-31-ianuarie-2025","status":"publish","type":"post","link":"https:\/\/www.anofm.ro\/mures\/agenda-de-lucru-pentru-perioada-27-ianuarie-31-ianuarie-2025\/","title":{"rendered":"Agenda de lucru pentru perioada 27 IANUARIE \u2013 31 IANUARIE 2025"},"content":{"rendered":"\n<p><strong>Rela\u0163iile interinstitu\u0163ionale ale conducerii executive a AJOFM Mure<\/strong><strong>\u015f<\/strong><strong> &nbsp;<\/strong><strong>\u00een <\/strong><strong>perioada 27 IANUARIE \u2013 31 IANUARIE 2025<\/strong><\/p>\n\n\n\n<p><strong>PROGRAM DE AUDIENTE<\/strong><\/p>\n\n\n\n<p><strong>Director Executiv \u2013 \u015eTEF GHEORGHE<\/strong><strong><\/strong><\/p>\n\n\n\n<p><strong>&#8211; Luni: 09.00 &#8211; 12.00<\/strong><\/p>\n\n\n\n<p><strong>Director Executiv Adjunct \u2013 BOGDAN ELISABETA<\/strong><\/p>\n\n\n\n<p><strong>&#8211; Miercuri: 09.00 &#8211; 12.00<\/strong><\/p>\n\n\n\n<p><strong>29 ianuarie 2025<\/strong><\/p>\n\n\n\n<p>Directorul executiv, domnul \u0218tef Gheorghe, va participa la \u0219edin\u021ba Colegiului Prefectural al Jude\u021bului Mure\u0219, organizat\u0103 de c\u0103tre Institu\u021bia Prefectului Jude\u021bul Mure\u0219, \u00een Sala Mare de \u0219edin\u021be a Palatului Administrativ, av\u00e2nd pe ordinea de zi: Raportul de activitate al Direc\u021biei Sanitar Veterinare \u0219i pentru Siguran\u021ba Alimentelor Mure\u0219; &nbsp;Rezultatele controalelor dispuse prin Ordinul prefectului nr.512 din 04.12.2024 privind organizarea ac\u021biunilor de supraveghere a jude\u021bului Mure\u0219 din punct de vedere al siguran\u021bei alimentare, a respect\u0103rii normelor de igien\u0103 \u0219i s\u0103n\u0103tate public\u0103 \u00een perioada s\u0103rb\u0103torilor de iarn\u0103, prezint\u0103 Direc\u021bia Sanitar Veterinar\u0103 \u0219i pentru Siguran\u021ba Alimentelor Mure\u0219; Activitatea Biroului Vamal de Interior Mure\u0219; Activitatea Agen\u021biei Jude\u021bene pentru Pl\u0103\u021bi \u0219i Inspec\u021bie Social\u0103 Mure\u0219; Diverse.<\/p>\n\n\n\n<p><strong>30 ianuarie 2025<\/strong><\/p>\n\n\n\n<p>Directorul executiv, domnul \u0218tef Gheorghe, va participa la \u0219edin\u021ba Comisiei de dialog social a Jude\u021bului Mure\u0219, organizat\u0103 de c\u0103tre Institu\u021bia Prefectului Jude\u021bul Mure\u0219, \u00een Sala Mic\u0103 de \u0219edin\u021be a Palatului Administrativ, tematica propus\u0103 fiind: Dezbatere privind problemele din domeniul de interes al institu\u021biilor publice sau al partenerilor sociali.<\/p>\n\n\n\n<p><strong>Interviuri presa &#8211; la solicitare<\/strong><\/p>\n","protected":false},"excerpt":{"rendered":"<p>Rela\u0163iile interinstitu\u0163ionale ale conducerii executive a AJOFM Mure\u015f &nbsp;\u00een perioada 27 IANUARIE \u2013 31 IANUARIE 2025 PROGRAM DE AUDIENTE Director Executiv \u2013 \u015eTEF GHEORGHE &#8211; Luni: 09.00 &#8211; 12.00 Director<\/p>\n","protected":false},"author":372,"featured_media":0,"comment_status":"closed","ping_status":"closed","sticky":false,"template":"","format":"standard","meta":{"footnotes":""},"categories":[2],"tags":[],"class_list":["post-5561","post","type-post","status-publish","format-standard","hentry","category-agenda-de-lucru"],"_links":{"self":[{"href":"https:\/\/www.anofm.ro\/mures\/wp-json\/wp\/v2\/posts\/5561","targetHints":{"allow":["GET"]}}],"collection":[{"href":"https:\/\/www.anofm.ro\/mures\/wp-json\/wp\/v2\/posts"}],"about":[{"href":"https:\/\/www.anofm.ro\/mures\/wp-json\/wp\/v2\/types\/post"}],"author":[{"embeddable":true,"href":"https:\/\/www.anofm.ro\/mures\/wp-json\/wp\/v2\/users\/372"}],"replies":[{"embeddable":true,"href":"https:\/\/www.anofm.ro\/mures\/wp-json\/wp\/v2\/comments?post=5561"}],"version-history":[{"count":1,"href":"https:\/\/www.anofm.ro\/mures\/wp-json\/wp\/v2\/posts\/5561\/revisions"}],"predecessor-version":[{"id":5562,"href":"https:\/\/www.anofm.ro\/mures\/wp-json\/wp\/v2\/posts\/5561\/revisions\/5562"}],"wp:attachment":[{"href":"https:\/\/www.anofm.ro\/mures\/wp-json\/wp\/v2\/media?parent=5561"}],"wp:term":[{"taxonomy":"category","embeddable":true,"href":"https:\/\/www.anofm.ro\/mures\/wp-json\/wp\/v2\/categories?post=5561"},{"taxonomy":"post_tag","embeddable":true,"href":"https:\/\/www.anofm.ro\/mures\/wp-json\/wp\/v2\/tags?post=5561"}],"curies":[{"name":"wp","href":"https:\/\/api.w.org\/{rel}","templated":true}]}}