{"id":5291,"date":"2024-12-17T10:59:50","date_gmt":"2024-12-17T08:59:50","guid":{"rendered":"https:\/\/www.anofm.ro\/mures\/?p=5291"},"modified":"2024-12-19T09:55:49","modified_gmt":"2024-12-19T07:55:49","slug":"3-programe-de-formare-profesionala-vor-incepe-in-luna-ianuarie-2025","status":"publish","type":"post","link":"https:\/\/www.anofm.ro\/mures\/3-programe-de-formare-profesionala-vor-incepe-in-luna-ianuarie-2025\/","title":{"rendered":"3 programe de formare profesional\u0103 vor \u00eencepe \u00een luna ianuarie 2025"},"content":{"rendered":"\n<div class=\"file-list-wrap\"><p class=\"h4\">Documente desc\u0103rcabile<\/p><ul class=\"file-list\">\n<li><a href=\"https:\/\/www.anofm.ro\/mures\/wp-content\/uploads\/sites\/30\/2024\/12\/2024_12_17_Comunicat-cursuri-formare-profesionala_prognoza-1.pdf\" download>2024_12_17_Comunicat-cursuri-formare-profesionala_prognoza-1.pdf<\/a><\/li>\n<\/ul><\/div>\n","protected":false},"excerpt":{"rendered":"","protected":false},"author":372,"featured_media":0,"comment_status":"closed","ping_status":"closed","sticky":false,"template":"","format":"standard","meta":{"footnotes":""},"categories":[9],"tags":[],"class_list":["post-5291","post","type-post","status-publish","format-standard","hentry","category-comunicate-de-presa"],"_links":{"self":[{"href":"https:\/\/www.anofm.ro\/mures\/wp-json\/wp\/v2\/posts\/5291","targetHints":{"allow":["GET"]}}],"collection":[{"href":"https:\/\/www.anofm.ro\/mures\/wp-json\/wp\/v2\/posts"}],"about":[{"href":"https:\/\/www.anofm.ro\/mures\/wp-json\/wp\/v2\/types\/post"}],"author":[{"embeddable":true,"href":"https:\/\/www.anofm.ro\/mures\/wp-json\/wp\/v2\/users\/372"}],"replies":[{"embeddable":true,"href":"https:\/\/www.anofm.ro\/mures\/wp-json\/wp\/v2\/comments?post=5291"}],"version-history":[{"count":2,"href":"https:\/\/www.anofm.ro\/mures\/wp-json\/wp\/v2\/posts\/5291\/revisions"}],"predecessor-version":[{"id":5344,"href":"https:\/\/www.anofm.ro\/mures\/wp-json\/wp\/v2\/posts\/5291\/revisions\/5344"}],"wp:attachment":[{"href":"https:\/\/www.anofm.ro\/mures\/wp-json\/wp\/v2\/media?parent=5291"}],"wp:term":[{"taxonomy":"category","embeddable":true,"href":"https:\/\/www.anofm.ro\/mures\/wp-json\/wp\/v2\/categories?post=5291"},{"taxonomy":"post_tag","embeddable":true,"href":"https:\/\/www.anofm.ro\/mures\/wp-json\/wp\/v2\/tags?post=5291"}],"curies":[{"name":"wp","href":"https:\/\/api.w.org\/{rel}","templated":true}]}}