{"id":5256,"date":"2024-12-06T07:22:21","date_gmt":"2024-12-06T05:22:21","guid":{"rendered":"https:\/\/www.anofm.ro\/mures\/?p=5256"},"modified":"2024-12-06T07:22:21","modified_gmt":"2024-12-06T05:22:21","slug":"agenda-de-lucru-pentru-perioada-09-decembrie-13-decembrie-2024","status":"publish","type":"post","link":"https:\/\/www.anofm.ro\/mures\/agenda-de-lucru-pentru-perioada-09-decembrie-13-decembrie-2024\/","title":{"rendered":"Agenda de lucru pentru perioada 09 Decembrie-13 Decembrie 2024"},"content":{"rendered":"\n<p><strong>Rela\u0163iile interinstitu\u0163ionale ale conducerii executive a AJOFM Mure\u015f &nbsp;\u00een perioada 09 DECEMBRIE \u2013 13 DECEMBRIE 2024<\/strong><\/p>\n\n\n\n<p><strong>PROGRAM DE AUDIENTE<\/strong><\/p>\n\n\n\n<p><strong>Director Executiv \u2013 \u015eTEF GHEORGHE<\/strong><\/p>\n\n\n\n<p><strong>&#8211; Luni: 09.00 &#8211; 12.00<\/strong><\/p>\n\n\n\n<p><strong>Director Executiv Adjunct \u2013 BOGDAN ELISABETA<\/strong><\/p>\n\n\n\n<p><strong>&#8211; Miercuri: 09.00 &#8211; 12.00<\/strong><\/p>\n\n\n\n<p><strong>10 &#8211; 13 decembrie 2024<\/strong><\/p>\n\n\n\n<p>Directorul executiv, domnul \u0218tef Gheorghe, va participa la \u00eent\u00e2lnirea anual\u0103 de lucru dintre personalul de conducere Agen\u021biei Na\u021bionale pentru Ocuparea For\u021bei de Munc\u0103 \u0219i personalul de conducere al institu\u021biilor aflate \u00een subordinea ANOFM.<\/p>\n\n\n\n<p><strong>Interviuri presa &#8211; la solicitare<\/strong><\/p>\n","protected":false},"excerpt":{"rendered":"<p>Rela\u0163iile interinstitu\u0163ionale ale conducerii executive a AJOFM Mure\u015f &nbsp;\u00een perioada 09 DECEMBRIE \u2013 13 DECEMBRIE 2024 PROGRAM DE AUDIENTE Director Executiv \u2013 \u015eTEF GHEORGHE &#8211; Luni: 09.00 &#8211; 12.00 Director<\/p>\n","protected":false},"author":372,"featured_media":0,"comment_status":"closed","ping_status":"closed","sticky":false,"template":"","format":"standard","meta":{"footnotes":""},"categories":[2],"tags":[],"class_list":["post-5256","post","type-post","status-publish","format-standard","hentry","category-agenda-de-lucru"],"_links":{"self":[{"href":"https:\/\/www.anofm.ro\/mures\/wp-json\/wp\/v2\/posts\/5256","targetHints":{"allow":["GET"]}}],"collection":[{"href":"https:\/\/www.anofm.ro\/mures\/wp-json\/wp\/v2\/posts"}],"about":[{"href":"https:\/\/www.anofm.ro\/mures\/wp-json\/wp\/v2\/types\/post"}],"author":[{"embeddable":true,"href":"https:\/\/www.anofm.ro\/mures\/wp-json\/wp\/v2\/users\/372"}],"replies":[{"embeddable":true,"href":"https:\/\/www.anofm.ro\/mures\/wp-json\/wp\/v2\/comments?post=5256"}],"version-history":[{"count":1,"href":"https:\/\/www.anofm.ro\/mures\/wp-json\/wp\/v2\/posts\/5256\/revisions"}],"predecessor-version":[{"id":5257,"href":"https:\/\/www.anofm.ro\/mures\/wp-json\/wp\/v2\/posts\/5256\/revisions\/5257"}],"wp:attachment":[{"href":"https:\/\/www.anofm.ro\/mures\/wp-json\/wp\/v2\/media?parent=5256"}],"wp:term":[{"taxonomy":"category","embeddable":true,"href":"https:\/\/www.anofm.ro\/mures\/wp-json\/wp\/v2\/categories?post=5256"},{"taxonomy":"post_tag","embeddable":true,"href":"https:\/\/www.anofm.ro\/mures\/wp-json\/wp\/v2\/tags?post=5256"}],"curies":[{"name":"wp","href":"https:\/\/api.w.org\/{rel}","templated":true}]}}