{"id":5134,"date":"2024-11-15T12:01:18","date_gmt":"2024-11-15T10:01:18","guid":{"rendered":"https:\/\/www.anofm.ro\/mures\/?p=5134"},"modified":"2024-11-20T09:50:03","modified_gmt":"2024-11-20T07:50:03","slug":"agenda-de-lucru-pentru-perioada-18-noiembrie-22-noiembrie-2024","status":"publish","type":"post","link":"https:\/\/www.anofm.ro\/mures\/agenda-de-lucru-pentru-perioada-18-noiembrie-22-noiembrie-2024\/","title":{"rendered":"Agenda de lucru pentru perioada 18 Noiembrie-22 Noiembrie 2024"},"content":{"rendered":"\n<p><strong>Rela\u0163iile interinstitu\u0163ionale ale conducerii executive a AJOFM Mure\u015f &nbsp;\u00een perioada 18 NOIEMBRIE \u2013 22 NOIEMBRIE 2024<\/strong><\/p>\n\n\n\n<p><strong>PROGRAM DE AUDIENTE<\/strong><\/p>\n\n\n\n<p><strong>Director Executiv \u2013 \u015eTEF GHEORGHE<\/strong><\/p>\n\n\n\n<p><strong>&#8211; Luni: 09.00 &#8211; 12.00<\/strong><\/p>\n\n\n\n<p><strong>Director Executiv Adjunct \u2013 BOGDAN ELISABETA<\/strong><\/p>\n\n\n\n<p><strong>&#8211; Miercuri: 09.00 &#8211; 12.00<\/strong><\/p>\n\n\n\n<p><strong>18 noiembrie 2024<\/strong><\/p>\n\n\n\n<p>Directorul executiv, domnul \u0218tef Gheorghe, va participa la \u0219edin\u021ba Comisiei de dialog social a Jude\u021bului Mure\u0219, organizat\u0103 de c\u0103tre Institu\u021bia Prefectului Jude\u021bul Mure\u0219, \u00een Sala Mic\u0103 de \u0219edin\u021be a Palatului Administrativ, av\u00e2nd pe ordinea de zi: Declan\u0219area grevei generale \u00een cadrul structurilor Arhivelor Na\u021bionale ale Rom\u00e2niei \u00eence\u00e2nd cu data de 11 noiembrie 2024.<\/p>\n\n\n\n<p><strong>21 noiembrie 2024<\/strong><\/p>\n\n\n\n<p>Directorul executiv, domnul \u0218tef Gheorghe, va participa la \u0219edin\u021ba Colegiului Prefectural al Jude\u021bului Mure\u0219, organizat\u0103 de c\u0103tre Institu\u021bia Prefectului Jude\u021bul Mure\u0219, \u00een Sala Mic\u0103 de \u0219edin\u021be a Palatului Administrativ, av\u00e2nd pe ordinea de zi: Informare privind situa\u021bia la zi din agricultura jude\u021bului Mure\u0219. Stadiul execut\u0103rii lucr\u0103rilor agricole din campania de prim\u0103var\u0103, var\u0103 \u0219i toamn\u0103. Evolu\u021bia efectivelor de animale, precum \u0219i a produc\u021biilor animaliere. Implementarea actelor normative din domeniu- indicatori \u0219i obiective; Raportul de activitate al Agen\u021biei Jude\u021bene pentru Ocuparea For\u021bei de Munc\u0103 Mure\u0219; Diverse.<\/p>\n\n\n\n<p><strong>21-22 noiembrie 2024<\/strong><\/p>\n\n\n\n<p>Directorul executiv adjunct, doamna Bogdan Elisabeta, va participa la Conferin\u021ba ONG-urilor mure\u0219ene \u201ePARTENERI PENTRU COMUNITATE\u201d, organizat\u0103 de c\u0103tre MuresHub (Asocia\u021bia SURYAM, Farmacia Social\u0103, Crucea Ro\u0219ie Mure\u0219, Funda\u021bia Comunitar\u0103 Mure\u0219 \u0219i Asocia\u021bia Divers), av\u00e2nd ca scop s\u0103 faciliteze colaborarea \u0219i coordonarea \u00eentre ONG-urile muresene. Evenimentul se bazeaz\u0103 pe principiul c\u0103 o abordare comun\u0103 poate oferi solu\u021bii sustenabile \u0219i cuprinz\u0103toare pentru comunitate, maximiz\u00e2nd impactul \u0219i eficien\u021ba interven\u021biilor.<\/p>\n\n\n\n<p><strong>Interviuri presa &#8211; la solicitare<\/strong><\/p>\n\n\n\n<p><\/p>\n","protected":false},"excerpt":{"rendered":"<p>Rela\u0163iile interinstitu\u0163ionale ale conducerii executive a AJOFM Mure\u015f &nbsp;\u00een perioada 18 NOIEMBRIE \u2013 22 NOIEMBRIE 2024 PROGRAM DE AUDIENTE Director Executiv \u2013 \u015eTEF GHEORGHE &#8211; Luni: 09.00 &#8211; 12.00 Director<\/p>\n","protected":false},"author":372,"featured_media":0,"comment_status":"closed","ping_status":"closed","sticky":false,"template":"","format":"standard","meta":{"footnotes":""},"categories":[2],"tags":[],"class_list":["post-5134","post","type-post","status-publish","format-standard","hentry","category-agenda-de-lucru"],"_links":{"self":[{"href":"https:\/\/www.anofm.ro\/mures\/wp-json\/wp\/v2\/posts\/5134","targetHints":{"allow":["GET"]}}],"collection":[{"href":"https:\/\/www.anofm.ro\/mures\/wp-json\/wp\/v2\/posts"}],"about":[{"href":"https:\/\/www.anofm.ro\/mures\/wp-json\/wp\/v2\/types\/post"}],"author":[{"embeddable":true,"href":"https:\/\/www.anofm.ro\/mures\/wp-json\/wp\/v2\/users\/372"}],"replies":[{"embeddable":true,"href":"https:\/\/www.anofm.ro\/mures\/wp-json\/wp\/v2\/comments?post=5134"}],"version-history":[{"count":2,"href":"https:\/\/www.anofm.ro\/mures\/wp-json\/wp\/v2\/posts\/5134\/revisions"}],"predecessor-version":[{"id":5148,"href":"https:\/\/www.anofm.ro\/mures\/wp-json\/wp\/v2\/posts\/5134\/revisions\/5148"}],"wp:attachment":[{"href":"https:\/\/www.anofm.ro\/mures\/wp-json\/wp\/v2\/media?parent=5134"}],"wp:term":[{"taxonomy":"category","embeddable":true,"href":"https:\/\/www.anofm.ro\/mures\/wp-json\/wp\/v2\/categories?post=5134"},{"taxonomy":"post_tag","embeddable":true,"href":"https:\/\/www.anofm.ro\/mures\/wp-json\/wp\/v2\/tags?post=5134"}],"curies":[{"name":"wp","href":"https:\/\/api.w.org\/{rel}","templated":true}]}}