{"id":5062,"date":"2024-10-23T09:56:53","date_gmt":"2024-10-23T06:56:53","guid":{"rendered":"https:\/\/www.anofm.ro\/mures\/?p=5062"},"modified":"2024-10-23T09:57:57","modified_gmt":"2024-10-23T06:57:57","slug":"a-maros-megyei-munkaero-foglalkoztatasi-ugynokseg-nyilvantartasaban-szereplo-adatok-szerint-2024-szeptembereben-a-munkanelkulisegi-arany-288-volt","status":"publish","type":"post","link":"https:\/\/www.anofm.ro\/mures\/a-maros-megyei-munkaero-foglalkoztatasi-ugynokseg-nyilvantartasaban-szereplo-adatok-szerint-2024-szeptembereben-a-munkanelkulisegi-arany-288-volt\/","title":{"rendered":"A Maros Megyei Munkaer\u0151-foglalkoztat\u00e1si \u00dcgyn\u00f6ks\u00e9g nyilv\u00e1ntart\u00e1s\u00e1ban szerepl\u0151 adatok szerint 2024 SZEPTEMBER\u00c9BEN a munkan\u00e9lk\u00fclis\u00e9gi ar\u00e1ny 2,88% volt."},"content":{"rendered":"\n<p><strong>A Maros Megyei Munkaer\u0151-foglalkoztat\u00e1si \u00dcgyn\u00f6ks\u00e9g nyilv\u00e1ntart\u00e1s\u00e1ban szerepl\u0151 adatok szerint 2024 SZEPTEMBER\u00c9BEN a munkan\u00e9lk\u00fclis\u00e9gi ar\u00e1ny 2,88% volt.<\/strong><\/p>\n\n\n\n<div class=\"file-list-wrap\"><p class=\"h4\">Documente desc\u0103rcabile<\/p><ul class=\"file-list\">\n<li><a href=\"https:\/\/www.anofm.ro\/mures\/wp-content\/uploads\/sites\/30\/2024\/10\/2024_10_23_Comunicat-de-presa-somaj_hun.pdf\" download>2024_10_23_Comunicat-de-presa-somaj_hun.pdf<\/a><\/li>\n<\/ul><\/div>\n","protected":false},"excerpt":{"rendered":"<p>A Maros Megyei Munkaer\u0151-foglalkoztat\u00e1si \u00dcgyn\u00f6ks\u00e9g nyilv\u00e1ntart\u00e1s\u00e1ban szerepl\u0151 adatok szerint 2024 SZEPTEMBER\u00c9BEN a munkan\u00e9lk\u00fclis\u00e9gi ar\u00e1ny 2,88% volt.<\/p>\n","protected":false},"author":372,"featured_media":0,"comment_status":"closed","ping_status":"closed","sticky":false,"template":"","format":"standard","meta":{"footnotes":""},"categories":[9],"tags":[],"class_list":["post-5062","post","type-post","status-publish","format-standard","hentry","category-comunicate-de-presa"],"_links":{"self":[{"href":"https:\/\/www.anofm.ro\/mures\/wp-json\/wp\/v2\/posts\/5062","targetHints":{"allow":["GET"]}}],"collection":[{"href":"https:\/\/www.anofm.ro\/mures\/wp-json\/wp\/v2\/posts"}],"about":[{"href":"https:\/\/www.anofm.ro\/mures\/wp-json\/wp\/v2\/types\/post"}],"author":[{"embeddable":true,"href":"https:\/\/www.anofm.ro\/mures\/wp-json\/wp\/v2\/users\/372"}],"replies":[{"embeddable":true,"href":"https:\/\/www.anofm.ro\/mures\/wp-json\/wp\/v2\/comments?post=5062"}],"version-history":[{"count":1,"href":"https:\/\/www.anofm.ro\/mures\/wp-json\/wp\/v2\/posts\/5062\/revisions"}],"predecessor-version":[{"id":5064,"href":"https:\/\/www.anofm.ro\/mures\/wp-json\/wp\/v2\/posts\/5062\/revisions\/5064"}],"wp:attachment":[{"href":"https:\/\/www.anofm.ro\/mures\/wp-json\/wp\/v2\/media?parent=5062"}],"wp:term":[{"taxonomy":"category","embeddable":true,"href":"https:\/\/www.anofm.ro\/mures\/wp-json\/wp\/v2\/categories?post=5062"},{"taxonomy":"post_tag","embeddable":true,"href":"https:\/\/www.anofm.ro\/mures\/wp-json\/wp\/v2\/tags?post=5062"}],"curies":[{"name":"wp","href":"https:\/\/api.w.org\/{rel}","templated":true}]}}