{"id":5047,"date":"2024-10-22T15:45:08","date_gmt":"2024-10-22T12:45:08","guid":{"rendered":"https:\/\/www.anofm.ro\/mures\/?p=5047"},"modified":"2024-10-22T15:45:08","modified_gmt":"2024-10-22T12:45:08","slug":"2678-szemely-talalt-munkahelyet-a-maros-megyei-munkaero-foglalkoztatasi-ugynokseg-tamogatasaval","status":"publish","type":"post","link":"https:\/\/www.anofm.ro\/mures\/2678-szemely-talalt-munkahelyet-a-maros-megyei-munkaero-foglalkoztatasi-ugynokseg-tamogatasaval\/","title":{"rendered":"2678 szem\u00e9ly tal\u00e1lt munkahelyet a Maros Megyei Munkaer\u0151-foglalkoztat\u00e1si \u00dcgyn\u00f6ks\u00e9g t\u00e1mogat\u00e1s\u00e1val"},"content":{"rendered":"\n<p><strong>A 2024-es \u00e9v els\u0151 kilenc h\u00f3napj\u00e1ban<\/strong> az Orsz\u00e1gos Foglalkoztat\u00e1si Program keret\u00e9ben a Maros megyei \u00fcgyn\u00f6ks\u00e9g k\u00f6zvet\u00edt\u00e9s\u00e9vel <strong>2678<\/strong> szem\u00e9ly ker\u00fclt alkalmaz\u00e1sra, ebb\u0151l 1219 n\u0151.<\/p>\n\n\n\n<div class=\"file-list-wrap\"><p class=\"h4\">Documente desc\u0103rcabile<\/p><ul class=\"file-list\">\n<li><a href=\"https:\/\/www.anofm.ro\/mures\/wp-content\/uploads\/sites\/30\/2024\/10\/2024_10_22_Comunicat-de-presa-ocupare-cumulat_hun.pdf\" download>2024_10_22_Comunicat-de-presa-ocupare-cumulat_hun.pdf<\/a><\/li>\n<\/ul><\/div>\n","protected":false},"excerpt":{"rendered":"<p>A 2024-es \u00e9v els\u0151 kilenc h\u00f3napj\u00e1ban az Orsz\u00e1gos Foglalkoztat\u00e1si Program keret\u00e9ben a Maros megyei \u00fcgyn\u00f6ks\u00e9g k\u00f6zvet\u00edt\u00e9s\u00e9vel 2678 szem\u00e9ly ker\u00fclt alkalmaz\u00e1sra, ebb\u0151l 1219 n\u0151.<\/p>\n","protected":false},"author":372,"featured_media":0,"comment_status":"closed","ping_status":"closed","sticky":false,"template":"","format":"standard","meta":{"footnotes":""},"categories":[9],"tags":[],"class_list":["post-5047","post","type-post","status-publish","format-standard","hentry","category-comunicate-de-presa"],"_links":{"self":[{"href":"https:\/\/www.anofm.ro\/mures\/wp-json\/wp\/v2\/posts\/5047","targetHints":{"allow":["GET"]}}],"collection":[{"href":"https:\/\/www.anofm.ro\/mures\/wp-json\/wp\/v2\/posts"}],"about":[{"href":"https:\/\/www.anofm.ro\/mures\/wp-json\/wp\/v2\/types\/post"}],"author":[{"embeddable":true,"href":"https:\/\/www.anofm.ro\/mures\/wp-json\/wp\/v2\/users\/372"}],"replies":[{"embeddable":true,"href":"https:\/\/www.anofm.ro\/mures\/wp-json\/wp\/v2\/comments?post=5047"}],"version-history":[{"count":1,"href":"https:\/\/www.anofm.ro\/mures\/wp-json\/wp\/v2\/posts\/5047\/revisions"}],"predecessor-version":[{"id":5048,"href":"https:\/\/www.anofm.ro\/mures\/wp-json\/wp\/v2\/posts\/5047\/revisions\/5048"}],"wp:attachment":[{"href":"https:\/\/www.anofm.ro\/mures\/wp-json\/wp\/v2\/media?parent=5047"}],"wp:term":[{"taxonomy":"category","embeddable":true,"href":"https:\/\/www.anofm.ro\/mures\/wp-json\/wp\/v2\/categories?post=5047"},{"taxonomy":"post_tag","embeddable":true,"href":"https:\/\/www.anofm.ro\/mures\/wp-json\/wp\/v2\/tags?post=5047"}],"curies":[{"name":"wp","href":"https:\/\/api.w.org\/{rel}","templated":true}]}}