{"id":501,"date":"2023-11-17T00:00:00","date_gmt":"2023-11-16T22:00:00","guid":{"rendered":"https:\/\/www.anofm.ro\/mures\/loc-de-munca-in-olanda-electrician\/"},"modified":"2023-11-17T00:00:00","modified_gmt":"2023-11-16T22:00:00","slug":"loc-de-munca-in-olanda-electrician","status":"publish","type":"post","link":"https:\/\/www.anofm.ro\/mures\/loc-de-munca-in-olanda-electrician\/","title":{"rendered":"Loc de munc\u0103 \u00een Olanda -electrician"},"content":{"rendered":"<p>Angajatorul olandez Maatt\/Covebo Techniek din localitatea Nijkerk, regiunea Gelderland ofer\u0103, prin intermediul re\u0163elei EURES Rom\u00e2nia, 1 loc de munc\u0103 vacant pentru electrician. Locul de munc\u0103 este cu norm\u0103 \u00eentreag\u0103. Angajatorul pune la dispozi\u021bie cele mai bune utilaje, echipamente de lucru + ma\u0219in\u0103 de serviciu. Se va lucra \u00een domeniul construc\u021biilor (construc\u021bia de case, renovare apartamente \u0219i case, cl\u0103diri mari\/utilit\u0103\u021bi). \u00cen general se va lucra \u00een echip\u0103 cu al\u021bi colegi \u0219i se vor face instala\u021bii dup\u0103 planul tehnologic. Activitatea presupune inclusiv montarea instala\u021biilor electrice prin podea \u0219i pere\u021bi, montarea prizelor, tragerea cablurilor \u0219i realizarea cutiilor de siguran\u021be.<\/p>\n<p>Modalitatea de aplicare: CV-ul Europass + scrisoarea de inten\u021bie, (completate la calculator \u00een limba englez\u0103) se vor trimite la adresa de email : Susana.mourellefernandez@uwv.nl\u00a0<\/p>\n<p>Data limit\u0103 de \u00eenscriere: 01.01.2024.<\/p>\n<div class=\"file-list-wrap\">\n<ul class=\"file-list\">\n<li><a href=\"\/upload2\/Mure\u0219\/28055\/2023_11_17_Comunicat_de_presa_electrician_OLANDA.pdf\" download>2023_11_17_Comunicat_de_presa_electrician_OLANDA.pdf<\/a><\/li>\n<\/ul>\n<\/div>\n","protected":false},"excerpt":{"rendered":"<p>Loc de munc\u0103 \u00een Olanda -electrician<\/p>\n","protected":false},"author":0,"featured_media":0,"comment_status":"closed","ping_status":"closed","sticky":false,"template":"","format":"standard","meta":{"footnotes":""},"categories":[9],"tags":[],"class_list":["post-501","post","type-post","status-publish","format-standard","hentry","category-comunicate-de-presa"],"_links":{"self":[{"href":"https:\/\/www.anofm.ro\/mures\/wp-json\/wp\/v2\/posts\/501","targetHints":{"allow":["GET"]}}],"collection":[{"href":"https:\/\/www.anofm.ro\/mures\/wp-json\/wp\/v2\/posts"}],"about":[{"href":"https:\/\/www.anofm.ro\/mures\/wp-json\/wp\/v2\/types\/post"}],"replies":[{"embeddable":true,"href":"https:\/\/www.anofm.ro\/mures\/wp-json\/wp\/v2\/comments?post=501"}],"version-history":[{"count":0,"href":"https:\/\/www.anofm.ro\/mures\/wp-json\/wp\/v2\/posts\/501\/revisions"}],"wp:attachment":[{"href":"https:\/\/www.anofm.ro\/mures\/wp-json\/wp\/v2\/media?parent=501"}],"wp:term":[{"taxonomy":"category","embeddable":true,"href":"https:\/\/www.anofm.ro\/mures\/wp-json\/wp\/v2\/categories?post=501"},{"taxonomy":"post_tag","embeddable":true,"href":"https:\/\/www.anofm.ro\/mures\/wp-json\/wp\/v2\/tags?post=501"}],"curies":[{"name":"wp","href":"https:\/\/api.w.org\/{rel}","templated":true}]}}