{"id":498,"date":"2023-11-15T00:00:00","date_gmt":"2023-11-14T22:00:00","guid":{"rendered":"https:\/\/www.anofm.ro\/mures\/locuri-de-munca-in-austria-tehnicieni-productie\/"},"modified":"2023-11-15T00:00:00","modified_gmt":"2023-11-14T22:00:00","slug":"locuri-de-munca-in-austria-tehnicieni-productie","status":"publish","type":"post","link":"https:\/\/www.anofm.ro\/mures\/locuri-de-munca-in-austria-tehnicieni-productie\/","title":{"rendered":"Locuri de munc\u0103 \u00een AUSTRIA tehnicieni produc\u0163ie"},"content":{"rendered":"<p>EURES Austria ca reprezentant al angajatorului austriac ofer\u0103, prin intermediul re\u0163elei EURES Rom\u00e2nia, 5 locuri de munc\u0103 vacante pentru tehnicieni produc\u0163ie. Locurile de munc\u0103 sunt cu norm\u0103 \u00eentreag\u0103 pe durat\u0103 nedeterminat\u0103. Se va lucra \u00een Innkreis sau Reichersberg (Austria Superioar\u0103 districtul Ried im Innkreis).<\/p>\n<p>Modalitatea de aplicare: CV, preferabil model Europass, \u0219i scrisoare de inten\u021bie prin email pentru Petra Rosenstingl la adresa: eures.oberoesterreich@ams.at \u0219i pentru monitorizare la adresa simona.iosep.ab@anofm.gov.ro . Pentru a putea prelucra aplica\u021bia dvs, men\u021biona\u021bi na\u021bionalitatea dvs. \u0219i pentru ce ocupa\u021bie aplica\u021bi, denumirea \u0219i num\u0103rul ofertei &#8211; Nr. 12. Data limit\u0103 de \u00eenscriere: 31.01.2024. Agen\u0163ia Jude\u0163ean\u0103<\/p>\n<div class=\"file-list-wrap\">\n<ul class=\"file-list\">\n<li><a href=\"\/upload2\/Mure\u0219\/28032\/2023_11_14_Comunicat_de_presa_tehnicieni_AUSTRIA.pdf\" download>2023_11_14_Comunicat_de_presa_tehnicieni_AUSTRIA.pdf<\/a><\/li>\n<\/ul>\n<\/div>\n","protected":false},"excerpt":{"rendered":"<p>Locuri de munc\u0103 \u00een AUSTRIA tehnicieni produc\u0163ie<\/p>\n","protected":false},"author":0,"featured_media":0,"comment_status":"closed","ping_status":"closed","sticky":false,"template":"","format":"standard","meta":{"footnotes":""},"categories":[9],"tags":[],"class_list":["post-498","post","type-post","status-publish","format-standard","hentry","category-comunicate-de-presa"],"_links":{"self":[{"href":"https:\/\/www.anofm.ro\/mures\/wp-json\/wp\/v2\/posts\/498","targetHints":{"allow":["GET"]}}],"collection":[{"href":"https:\/\/www.anofm.ro\/mures\/wp-json\/wp\/v2\/posts"}],"about":[{"href":"https:\/\/www.anofm.ro\/mures\/wp-json\/wp\/v2\/types\/post"}],"replies":[{"embeddable":true,"href":"https:\/\/www.anofm.ro\/mures\/wp-json\/wp\/v2\/comments?post=498"}],"version-history":[{"count":0,"href":"https:\/\/www.anofm.ro\/mures\/wp-json\/wp\/v2\/posts\/498\/revisions"}],"wp:attachment":[{"href":"https:\/\/www.anofm.ro\/mures\/wp-json\/wp\/v2\/media?parent=498"}],"wp:term":[{"taxonomy":"category","embeddable":true,"href":"https:\/\/www.anofm.ro\/mures\/wp-json\/wp\/v2\/categories?post=498"},{"taxonomy":"post_tag","embeddable":true,"href":"https:\/\/www.anofm.ro\/mures\/wp-json\/wp\/v2\/tags?post=498"}],"curies":[{"name":"wp","href":"https:\/\/api.w.org\/{rel}","templated":true}]}}