{"id":4976,"date":"2024-10-18T08:37:01","date_gmt":"2024-10-18T05:37:01","guid":{"rendered":"https:\/\/www.anofm.ro\/mures\/?p=4976"},"modified":"2024-10-18T08:38:09","modified_gmt":"2024-10-18T05:38:09","slug":"agenda-de-lucru-pentru-perioada-21-octombrie-25-octombrie-2024","status":"publish","type":"post","link":"https:\/\/www.anofm.ro\/mures\/agenda-de-lucru-pentru-perioada-21-octombrie-25-octombrie-2024\/","title":{"rendered":"Agenda de lucru pentru perioada 21 Octombrie-25 Octombrie 2024"},"content":{"rendered":"\n<p><strong>Rela\u0163iile interinstitu\u0163ionale ale conducerii executive a AJOFM Mure<\/strong><strong>\u015f<\/strong><strong> &nbsp;<\/strong><strong>\u00een <\/strong><strong>perioada 21 OCTOMBRIE \u2013 25 OCTOMBRIE 2024<\/strong><\/p>\n\n\n\n<p><strong>PROGRAM DE AUDIENTE<\/strong><\/p>\n\n\n\n<p><strong>Director Executiv \u2013 \u015eTEF GHEORGHE<\/strong><strong><\/strong><\/p>\n\n\n\n<p><strong>&#8211; Luni: 09.00 &#8211; 12.00<\/strong><\/p>\n\n\n\n<p><strong>Director Executiv Adjunct \u2013 BOGDAN ELISABETA<\/strong><\/p>\n\n\n\n<p><strong>&#8211; Miercuri: 09.00 &#8211; 12.00<\/strong><\/p>\n\n\n\n<p><strong>23 octombrie 2024<\/strong><\/p>\n\n\n\n<p>Va avea loc \u0219edin\u021ba Consiliului Consultativ al AJOFM Mure\u0219, av\u00e2nd ca teme: Rezultatele bursei locurilor de munc\u0103 pentru absolven\u021bi;\u00a0\u00a0Informare asupra situa\u0163iei de pe pia\u0163a muncii (rata \u015fomajului, locurile de munc\u0103 vacante, structura \u015fomajului, cuprinderea \u0219omerilor \u00een programele de m\u0103suri active de stimulare a ocup\u0103rii); Prezentarea stadiului de realizare al Programului de Investi\u021bii; Diverse.<\/p>\n\n\n\n<p><strong>Interviuri presa &#8211; la solicitare<\/strong><\/p>\n","protected":false},"excerpt":{"rendered":"<p>Rela\u0163iile interinstitu\u0163ionale ale conducerii executive a AJOFM Mure\u015f &nbsp;\u00een perioada 21 OCTOMBRIE \u2013 25 OCTOMBRIE 2024 PROGRAM DE AUDIENTE Director Executiv \u2013 \u015eTEF GHEORGHE &#8211; Luni: 09.00 &#8211; 12.00 Director<\/p>\n","protected":false},"author":372,"featured_media":0,"comment_status":"closed","ping_status":"closed","sticky":false,"template":"","format":"standard","meta":{"footnotes":""},"categories":[2],"tags":[],"class_list":["post-4976","post","type-post","status-publish","format-standard","hentry","category-agenda-de-lucru"],"_links":{"self":[{"href":"https:\/\/www.anofm.ro\/mures\/wp-json\/wp\/v2\/posts\/4976","targetHints":{"allow":["GET"]}}],"collection":[{"href":"https:\/\/www.anofm.ro\/mures\/wp-json\/wp\/v2\/posts"}],"about":[{"href":"https:\/\/www.anofm.ro\/mures\/wp-json\/wp\/v2\/types\/post"}],"author":[{"embeddable":true,"href":"https:\/\/www.anofm.ro\/mures\/wp-json\/wp\/v2\/users\/372"}],"replies":[{"embeddable":true,"href":"https:\/\/www.anofm.ro\/mures\/wp-json\/wp\/v2\/comments?post=4976"}],"version-history":[{"count":2,"href":"https:\/\/www.anofm.ro\/mures\/wp-json\/wp\/v2\/posts\/4976\/revisions"}],"predecessor-version":[{"id":4978,"href":"https:\/\/www.anofm.ro\/mures\/wp-json\/wp\/v2\/posts\/4976\/revisions\/4978"}],"wp:attachment":[{"href":"https:\/\/www.anofm.ro\/mures\/wp-json\/wp\/v2\/media?parent=4976"}],"wp:term":[{"taxonomy":"category","embeddable":true,"href":"https:\/\/www.anofm.ro\/mures\/wp-json\/wp\/v2\/categories?post=4976"},{"taxonomy":"post_tag","embeddable":true,"href":"https:\/\/www.anofm.ro\/mures\/wp-json\/wp\/v2\/tags?post=4976"}],"curies":[{"name":"wp","href":"https:\/\/api.w.org\/{rel}","templated":true}]}}