{"id":497,"date":"2023-11-15T00:00:00","date_gmt":"2023-11-14T22:00:00","guid":{"rendered":"https:\/\/www.anofm.ro\/mures\/10-programe-de-formare-profesionala-vor-incepe-in-lunile-noiembrie-si-decembrie-2023\/"},"modified":"2023-11-15T00:00:00","modified_gmt":"2023-11-14T22:00:00","slug":"10-programe-de-formare-profesionala-vor-incepe-in-lunile-noiembrie-si-decembrie-2023","status":"publish","type":"post","link":"https:\/\/www.anofm.ro\/mures\/10-programe-de-formare-profesionala-vor-incepe-in-lunile-noiembrie-si-decembrie-2023\/","title":{"rendered":"10 programe de formare profesional\u0103 vor \u00eencepe \u00een lunile noiembrie \u0219i decembrie 2023"},"content":{"rendered":"<div>Agen\u021bia Jude\u021bean\u0103 pentru Ocuparea For\u021bei de Munc\u0103 Mure\u015f inten\u0163ioneaz\u0103 s\u0103 organizeze p\u00e2n\u0103 la 31 decembrie 2023, 10 programe de formare profesional\u0103 \u00een urm\u0103toarele meserii \u015fi ocupa\u0163ii :<\/div>\n<div>1. Buc\u0103tar la Tg. Mure\u0219;<\/div>\n<div>2. Referent resurse umane, program de specializare (Tg. Mure\u015f);<\/div>\n<div>3. Machior \u2013 program de specializare (Tg. Mure\u015f);<\/div>\n<div>4. Lucr\u0103tor \u00een comer\u021b &#8211; program de calificare (Ludu\u0219);<\/div>\n<div>5. Competen\u021be antreprenoriale (Reghin)<\/div>\n<div>6. Operator calculator electronic \u0219i re\u021bele , program de specializare (Sighi\u0219oara);<\/div>\n<div>7. Lucr\u0103tor \u00een comer\u021b &#8211; program de calificare (Tg. Mure\u0219);<\/div>\n<div>8. Lucr\u0103tor \u00een comer\u021b &#8211; program de calificare (T\u00e2rn\u0103veni);<\/div>\n<div>9. Competen\u0163e digitale (Sovata);<\/div>\n<div>10. Operator introducere, validare, prelucrare date \u2013 program de ini\u021biere (Tg. Mure\u0219);<\/div>\n<div class=\"file-list-wrap\">\n<ul class=\"file-list\">\n<li><a href=\"\/upload2\/Mure\u0219\/28031\/2023_11_13_Comunicat_cursuri_formare_profesionala_prognoza.pdf\" download>2023_11_13_Comunicat_cursuri_formare_profesionala_prognoza.pdf<\/a><\/li>\n<\/ul>\n<\/div>\n","protected":false},"excerpt":{"rendered":"<p>10 programe de formare profesional\u0103 vor \u00eencepe \u00een lunile noiembrie \u0219i decembrie 2023<\/p>\n","protected":false},"author":0,"featured_media":0,"comment_status":"closed","ping_status":"closed","sticky":false,"template":"","format":"standard","meta":{"footnotes":""},"categories":[9],"tags":[],"class_list":["post-497","post","type-post","status-publish","format-standard","hentry","category-comunicate-de-presa"],"_links":{"self":[{"href":"https:\/\/www.anofm.ro\/mures\/wp-json\/wp\/v2\/posts\/497","targetHints":{"allow":["GET"]}}],"collection":[{"href":"https:\/\/www.anofm.ro\/mures\/wp-json\/wp\/v2\/posts"}],"about":[{"href":"https:\/\/www.anofm.ro\/mures\/wp-json\/wp\/v2\/types\/post"}],"replies":[{"embeddable":true,"href":"https:\/\/www.anofm.ro\/mures\/wp-json\/wp\/v2\/comments?post=497"}],"version-history":[{"count":0,"href":"https:\/\/www.anofm.ro\/mures\/wp-json\/wp\/v2\/posts\/497\/revisions"}],"wp:attachment":[{"href":"https:\/\/www.anofm.ro\/mures\/wp-json\/wp\/v2\/media?parent=497"}],"wp:term":[{"taxonomy":"category","embeddable":true,"href":"https:\/\/www.anofm.ro\/mures\/wp-json\/wp\/v2\/categories?post=497"},{"taxonomy":"post_tag","embeddable":true,"href":"https:\/\/www.anofm.ro\/mures\/wp-json\/wp\/v2\/tags?post=497"}],"curies":[{"name":"wp","href":"https:\/\/api.w.org\/{rel}","templated":true}]}}