{"id":495,"date":"2023-11-06T00:00:00","date_gmt":"2023-11-05T22:00:00","guid":{"rendered":"https:\/\/www.anofm.ro\/mures\/locuri-de-munca-in-norvegia-mecanici-auto-vehicule-usoare\/"},"modified":"2023-11-06T00:00:00","modified_gmt":"2023-11-05T22:00:00","slug":"locuri-de-munca-in-norvegia-mecanici-auto-vehicule-usoare","status":"publish","type":"post","link":"https:\/\/www.anofm.ro\/mures\/locuri-de-munca-in-norvegia-mecanici-auto-vehicule-usoare\/","title":{"rendered":"Locuri de munc\u0103 \u00een Norvegia  mecanici auto (vehicule u\u0219oare)"},"content":{"rendered":"<p>Angajatorul Adecco Norge AS din Norvegia, ofer\u0103, prin intermediul re\u0163elei EURES Rom\u00e2nia, 3 locuri de munc\u0103 vacante pentru mecanici auto (vehicule u\u0219oare). Locurile de munc\u0103 sunt cu norm\u0103 \u00eentreag\u0103 pe durat\u0103 nedeterminat\u0103. Se va lucra \u00een zona Oslo, Bergen, Tromso, Lillehammer (Norvegia). Se vor efectua lucr\u0103ri specifice ce includ repara\u021bii pentru vehicule, diagnoz\u0103 computerizat\u0103, g\u0103sirea \u0219i corectarea defec\u021biunilor mecanice \u0219i electrice la vehicule precum \u0219i service \u0219i \u00eentre\u021binere; se va lucra fie \u00een ateliere autorizate, fie \u00een ateliere pentru toate m\u0103rcile; program de lucru 8 ore pe zi.tare<\/p>\n<p>Modalitatea de aplicare: Se transmite CV Europass \u00een limba englez\u0103 la adresa Dominika.banaszak@adecco.no \u0219i pentru monitorizare la adresa de e-mail: steluta.lazar.il@anofm.gov.ro . Data limit\u0103 de \u00eenscriere: 22-11-2023.<\/p>\n<div class=\"file-list-wrap\">\n<ul class=\"file-list\">\n<li><a href=\"\/upload2\/Mure\u0219\/27940\/2023_11_06_Comunicat_mecanici_autoturisme_NORVEGIA.pdf\" download>2023_11_06_Comunicat_mecanici_autoturisme_NORVEGIA.pdf<\/a><\/li>\n<\/ul>\n<\/div>\n","protected":false},"excerpt":{"rendered":"<p>Locuri de munc\u0103 \u00een Norvegia  mecanici auto (vehicule u\u0219oare)<\/p>\n","protected":false},"author":0,"featured_media":0,"comment_status":"closed","ping_status":"closed","sticky":false,"template":"","format":"standard","meta":{"footnotes":""},"categories":[9],"tags":[],"class_list":["post-495","post","type-post","status-publish","format-standard","hentry","category-comunicate-de-presa"],"_links":{"self":[{"href":"https:\/\/www.anofm.ro\/mures\/wp-json\/wp\/v2\/posts\/495","targetHints":{"allow":["GET"]}}],"collection":[{"href":"https:\/\/www.anofm.ro\/mures\/wp-json\/wp\/v2\/posts"}],"about":[{"href":"https:\/\/www.anofm.ro\/mures\/wp-json\/wp\/v2\/types\/post"}],"replies":[{"embeddable":true,"href":"https:\/\/www.anofm.ro\/mures\/wp-json\/wp\/v2\/comments?post=495"}],"version-history":[{"count":0,"href":"https:\/\/www.anofm.ro\/mures\/wp-json\/wp\/v2\/posts\/495\/revisions"}],"wp:attachment":[{"href":"https:\/\/www.anofm.ro\/mures\/wp-json\/wp\/v2\/media?parent=495"}],"wp:term":[{"taxonomy":"category","embeddable":true,"href":"https:\/\/www.anofm.ro\/mures\/wp-json\/wp\/v2\/categories?post=495"},{"taxonomy":"post_tag","embeddable":true,"href":"https:\/\/www.anofm.ro\/mures\/wp-json\/wp\/v2\/tags?post=495"}],"curies":[{"name":"wp","href":"https:\/\/api.w.org\/{rel}","templated":true}]}}