{"id":493,"date":"2023-10-27T00:00:00","date_gmt":"2023-10-26T21:00:00","guid":{"rendered":"https:\/\/www.anofm.ro\/mures\/rezultatele-bursei-locurilor-de-munca-pentru-absolventi-2\/"},"modified":"2023-10-27T00:00:00","modified_gmt":"2023-10-26T21:00:00","slug":"rezultatele-bursei-locurilor-de-munca-pentru-absolventi-2","status":"publish","type":"post","link":"https:\/\/www.anofm.ro\/mures\/rezultatele-bursei-locurilor-de-munca-pentru-absolventi-2\/","title":{"rendered":"Rezultatele Bursei locurilor de munc\u0103 pentru absolven\u021bi"},"content":{"rendered":"<p>\u00cen data de 27 octombrie 2023, Agen\u021bia Jude\u021bean\u0103 pentru Ocuparea For\u021bei de Munc\u0103 Mure\u0219 a organizat Bursa locurilor de munc\u0103 pentru absolven\u021bi, care s-a desf\u0103\u0219urat \u00een urm\u0103toarele loca\u021bii: la Sala Polivalent\u0103 din Tg. Mure\u0219, \u0219i la sediile punctelor de lucru, Ludu\u0219, Reghin, Sighi\u0219oara, T\u00e2rn\u0103veni \u0219i Sovata.<\/p>\n<p>La burs\u0103 au participat 776 persoane, din care 125 \u0219omeri au fost selecta\u021bi \u00een vederea \u00eencadr\u0103rii \u00een munc\u0103.<\/p>\n<p>Pentru 10 persoane aflate \u00een c\u0103utarea unui loc de munc\u0103, au fost eliberate reparti\u021bii \u00een vederea angaj\u0103rii, \u00een urm\u0103toarele meserii: \u021bes\u0103tor, \u0219ofer autoturisme \u0219i camionete, lucr\u0103tor \u00een buc\u0103t\u0103rie, v\u00e2nz\u0103tor, \u00eengrijitor animale, ambalator manual, muncitor necalificat \u00een industria confec\u021biilor<\/p>\n<div class=\"file-list-wrap\">\n<ul class=\"file-list\">\n<li><a href=\"\/upload2\/Mure\u0219\/27804\/2023_10_27_Comunicat_de_presa_rezultate_bursa.pdf\" download>2023_10_27_Comunicat_de_presa_rezultate_bursa.pdf<\/a><\/li>\n<\/ul>\n<\/div>\n","protected":false},"excerpt":{"rendered":"<p>Rezultatele Bursei locurilor de munc\u0103 pentru absolven\u021bi<\/p>\n","protected":false},"author":0,"featured_media":0,"comment_status":"closed","ping_status":"closed","sticky":false,"template":"","format":"standard","meta":{"footnotes":""},"categories":[9],"tags":[],"class_list":["post-493","post","type-post","status-publish","format-standard","hentry","category-comunicate-de-presa"],"_links":{"self":[{"href":"https:\/\/www.anofm.ro\/mures\/wp-json\/wp\/v2\/posts\/493","targetHints":{"allow":["GET"]}}],"collection":[{"href":"https:\/\/www.anofm.ro\/mures\/wp-json\/wp\/v2\/posts"}],"about":[{"href":"https:\/\/www.anofm.ro\/mures\/wp-json\/wp\/v2\/types\/post"}],"replies":[{"embeddable":true,"href":"https:\/\/www.anofm.ro\/mures\/wp-json\/wp\/v2\/comments?post=493"}],"version-history":[{"count":0,"href":"https:\/\/www.anofm.ro\/mures\/wp-json\/wp\/v2\/posts\/493\/revisions"}],"wp:attachment":[{"href":"https:\/\/www.anofm.ro\/mures\/wp-json\/wp\/v2\/media?parent=493"}],"wp:term":[{"taxonomy":"category","embeddable":true,"href":"https:\/\/www.anofm.ro\/mures\/wp-json\/wp\/v2\/categories?post=493"},{"taxonomy":"post_tag","embeddable":true,"href":"https:\/\/www.anofm.ro\/mures\/wp-json\/wp\/v2\/tags?post=493"}],"curies":[{"name":"wp","href":"https:\/\/api.w.org\/{rel}","templated":true}]}}