{"id":49,"date":"2020-03-19T00:00:00","date_gmt":"2020-03-18T22:00:00","guid":{"rendered":"https:\/\/www.anofm.ro\/mures\/anunt-pentru-persoanele-care-vin-din-tarile-uniunii-europene-si-solicita-formularele-u1-e301-sau-e302\/"},"modified":"2020-03-19T00:00:00","modified_gmt":"2020-03-18T22:00:00","slug":"anunt-pentru-persoanele-care-vin-din-tarile-uniunii-europene-si-solicita-formularele-u1-e301-sau-e302","status":"publish","type":"post","link":"https:\/\/www.anofm.ro\/mures\/anunt-pentru-persoanele-care-vin-din-tarile-uniunii-europene-si-solicita-formularele-u1-e301-sau-e302\/","title":{"rendered":"Anun\u0163 pentru persoanele  care vin din \u0163\u0103rile Uniunii Europene \u015fi solicit\u0103 formularele U1\/E301 sau E302"},"content":{"rendered":"<p><font><span lang=\"RO\" style=\"font-size: 16px;text-align: justify;line-height: 115%;font-family:\">Av\u00e2nd \u00een vedere necesitatea respect\u0103rii recomand\u0103rilor de conduit\u0103 \u00een<br \/>\nprevenirea r\u0103sp\u00e2ndirii coronavirusului ( COVID 19), Agen\u021bia Jude\u021bean\u0103 pentru<br \/>\nOcuparea For\u021bei de Munc\u0103 Mure\u015f <b><u>informeaz\u0103<br \/>\npersoanele care vin din \u0163\u0103rile Uniunii Europene \u015fi solicit\u0103 formularele U1\/E301<br \/>\nsau E302,<\/u> <\/b>c\u0103 cererea \u00eenso\u0163it\u0103 de documentele necesare eliber\u0103rii<br \/>\nacestora vor fi depuse \u00een spa\u0163iul special amenajat<\/span><span style=\"font-size: 16px;text-align: justify;line-height: 115%;font-family:\">\/punct<br \/>\nunic<\/span><span style=\"font-size: 16px;text-align: justify;line-height: 115%;font-family:\"> <span lang=\"RO\">de acces(<b>parter<\/b>-registratura) sau vor fi transmise pe email la adresa <\/span><\/span><a href=\"mailto:ajofm@ms.anofm.ro\" style=\"font-size: 16px;text-align: justify\"><span lang=\"RO\" style=\"line-height: 115%;font-family:\">ajofm@ms.anofm.ro<\/span><\/a><span lang=\"RO\" style=\"font-size: 16px;text-align: justify;line-height: 115%;font-family:\"> <\/span><span style=\"font-size: 16px;text-align: justify;line-height: 115%;font-family:\">sau<br \/>\n<\/span><span lang=\"RO\" style=\"font-size: 16px;text-align: justify;line-height: 115%;font-family:\">prin po\u015ft\u0103 la adresa<\/span><span style=\"text-align: justify;line-height: 115%;font-family:\"><span style=\"font-size: 16px\">: T\u00e2rgu<br \/>\nMure\u015f,str.Iuliu Maniu nr.2,cod.540027.jud, Mure\u015f.<\/span><\/span><\/font><\/p>\n<p><font><a href=\"\/upload\/11493\/Informare_persoane_din_UE.pdf\"><span style=\"font-size: 16px\">I<\/span><span style=\"font-size: 16px\"><\/span><\/a><span style=\"font-size: 16px\"><a href=\"\/upload\/11493\/Informare_persoane_din_UE.pdf\">nformare persoanele care vin din \u0163\u0103rile Uniunii Europene \u015fi solicit\u0103 formularele U1\/E301 sau E302<\/a><\/span><\/font><\/p>\n<\/p>\n<p><font><font style=\"font-size: 16px\"><font style=\"font-size: 16px\"><a href=\"\/upload\/11493\/CERERE_catre_AJOFM_MURES.doc\"><span lang=\"RO\" style=\"line-height: 115%;font-family:\">Modelul de cerere<\/span><\/a><\/font><b><\/b><\/font><\/p>\n<p><font style=\"font-size: 16px\"><\/font><\/p>\n<p><\/font><\/p>\n<p><a href=\"\/upload\/11493\/Informare_persoane_din_UE.pdf\"><\/a><a style=\"font-family:\" href=\"\/upload\/11493\/Informare_persoane_din_UE.pdf\"><b><\/b><\/a><b><\/b><\/p>\n<\/p><\/p>\n","protected":false},"excerpt":{"rendered":"<p>Anun\u0163 pentru persoanele&nbsp; care vin din \u0163\u0103rile Uniunii Europene \u015fi solicit\u0103 formularele U1\/E301 sau E302<\/p>\n","protected":false},"author":0,"featured_media":0,"comment_status":"closed","ping_status":"closed","sticky":false,"template":"","format":"standard","meta":{"footnotes":""},"categories":[4],"tags":[],"class_list":["post-49","post","type-post","status-publish","format-standard","hentry","category-anunturi-diverse"],"_links":{"self":[{"href":"https:\/\/www.anofm.ro\/mures\/wp-json\/wp\/v2\/posts\/49","targetHints":{"allow":["GET"]}}],"collection":[{"href":"https:\/\/www.anofm.ro\/mures\/wp-json\/wp\/v2\/posts"}],"about":[{"href":"https:\/\/www.anofm.ro\/mures\/wp-json\/wp\/v2\/types\/post"}],"replies":[{"embeddable":true,"href":"https:\/\/www.anofm.ro\/mures\/wp-json\/wp\/v2\/comments?post=49"}],"version-history":[{"count":0,"href":"https:\/\/www.anofm.ro\/mures\/wp-json\/wp\/v2\/posts\/49\/revisions"}],"wp:attachment":[{"href":"https:\/\/www.anofm.ro\/mures\/wp-json\/wp\/v2\/media?parent=49"}],"wp:term":[{"taxonomy":"category","embeddable":true,"href":"https:\/\/www.anofm.ro\/mures\/wp-json\/wp\/v2\/categories?post=49"},{"taxonomy":"post_tag","embeddable":true,"href":"https:\/\/www.anofm.ro\/mures\/wp-json\/wp\/v2\/tags?post=49"}],"curies":[{"name":"wp","href":"https:\/\/api.w.org\/{rel}","templated":true}]}}