{"id":489,"date":"2023-10-25T00:00:00","date_gmt":"2023-10-24T21:00:00","guid":{"rendered":"https:\/\/www.anofm.ro\/mures\/3211-szemely-talalt-munkahelyet-a-maros-megyei-munkaero-foglalkoztatasi-ugynokseg-tamogatasaval\/"},"modified":"2023-10-25T00:00:00","modified_gmt":"2023-10-24T21:00:00","slug":"3211-szemely-talalt-munkahelyet-a-maros-megyei-munkaero-foglalkoztatasi-ugynokseg-tamogatasaval","status":"publish","type":"post","link":"https:\/\/www.anofm.ro\/mures\/3211-szemely-talalt-munkahelyet-a-maros-megyei-munkaero-foglalkoztatasi-ugynokseg-tamogatasaval\/","title":{"rendered":"3211 szem\u00e9ly tal\u00e1lt munkahelyet a Maros Megyei Munkaer\u0151 foglalkoztat\u00e1si \u00dcgyn\u00f6ks\u00e9g t\u00e1mogat\u00e1s\u00e1val"},"content":{"rendered":"<div>A 2023 a s \u00e9v els\u0151 kilenc h\u00f3napj\u00e1ban az Orsz\u00e1gos Foglalkoztat\u00e1si Program keret\u00e9ben a Maros megyei \u00fcgyn\u00f6ks\u00e9g k\u00f6zvet\u00edt\u00e9s\u00e9vel 3211 szem\u00e9ly ker\u00fclt alkalmaz\u00e1sra, ebb\u0151l 1471 n\u0151.<\/div>\n<div>A referencia id\u0151pontig alkalmaz\u00e1sra ker\u00fcl\u0151 szem\u00e9lyek k\u00f6z\u00fcl \u00e9letkor szerint: 1 402 45 \u00e9v f\u00f6l\u00f6tti; 2 67 35 \u00e9s 45 \u00e9v k\u00f6z\u00f6tt i; 143 30 \u00e9s 35 \u00e9v k\u00f6z\u00f6tti; 348 25 \u00e9s 29 \u00e9v k\u00f6z\u00f6tti 348 NEET fiatal) \u00e9s 1051 pedig 25 \u00e9v alatti fiatal ( 965 NEET fiatal).<\/div>\n<div class=\"file-list-wrap\">\n<ul class=\"file-list\">\n<li><a href=\"\/upload2\/Mure\u0219\/27766\/2023_10_23_Comunicat_de_presa_ocupare_cumulat_hun.pdf\" download>2023_10_23_Comunicat_de_presa_ocupare_cumulat_hun.pdf<\/a><\/li>\n<\/ul>\n<\/div>\n","protected":false},"excerpt":{"rendered":"<p>3211 szem\u00e9ly tal\u00e1lt munkahelyet a Maros Megyei Munkaer\u0151 foglalkoztat\u00e1si \u00dcgyn\u00f6ks\u00e9g t\u00e1mogat\u00e1s\u00e1val<\/p>\n","protected":false},"author":0,"featured_media":0,"comment_status":"closed","ping_status":"closed","sticky":false,"template":"","format":"standard","meta":{"footnotes":""},"categories":[9],"tags":[],"class_list":["post-489","post","type-post","status-publish","format-standard","hentry","category-comunicate-de-presa"],"_links":{"self":[{"href":"https:\/\/www.anofm.ro\/mures\/wp-json\/wp\/v2\/posts\/489","targetHints":{"allow":["GET"]}}],"collection":[{"href":"https:\/\/www.anofm.ro\/mures\/wp-json\/wp\/v2\/posts"}],"about":[{"href":"https:\/\/www.anofm.ro\/mures\/wp-json\/wp\/v2\/types\/post"}],"replies":[{"embeddable":true,"href":"https:\/\/www.anofm.ro\/mures\/wp-json\/wp\/v2\/comments?post=489"}],"version-history":[{"count":0,"href":"https:\/\/www.anofm.ro\/mures\/wp-json\/wp\/v2\/posts\/489\/revisions"}],"wp:attachment":[{"href":"https:\/\/www.anofm.ro\/mures\/wp-json\/wp\/v2\/media?parent=489"}],"wp:term":[{"taxonomy":"category","embeddable":true,"href":"https:\/\/www.anofm.ro\/mures\/wp-json\/wp\/v2\/categories?post=489"},{"taxonomy":"post_tag","embeddable":true,"href":"https:\/\/www.anofm.ro\/mures\/wp-json\/wp\/v2\/tags?post=489"}],"curies":[{"name":"wp","href":"https:\/\/api.w.org\/{rel}","templated":true}]}}