{"id":485,"date":"2023-10-25T00:00:00","date_gmt":"2023-10-24T21:00:00","guid":{"rendered":"https:\/\/www.anofm.ro\/mures\/agenda-de-lucru-pentru-perioada-23-27-octombrie-2023\/"},"modified":"2023-10-25T00:00:00","modified_gmt":"2023-10-24T21:00:00","slug":"agenda-de-lucru-pentru-perioada-23-27-octombrie-2023","status":"publish","type":"post","link":"https:\/\/www.anofm.ro\/mures\/agenda-de-lucru-pentru-perioada-23-27-octombrie-2023\/","title":{"rendered":"Agenda de lucru pentru perioada 23\u201327 octombrie 2023"},"content":{"rendered":"<div>Rela\u0163iile interinstitu\u0163ionale ale conducerii executive a AJOFM Mure\u015f \u00een perioada 23<\/div>\n<div>OCTOMBRIE \u2013 27 OCTOMBRIE 2023<\/div>\n<div>PROGRAM DE AUDIENTE<\/div>\n<div>Director Executiv \u2013 \u015eTEF GHEORGHE<\/div>\n<div>&#8211; Luni: 09.00 &#8211; 12.00<\/div>\n<div>Director Executiv Adjunct \u2013 BOGDAN ELISABETA<\/div>\n<div>&#8211; Miercuri: 09.00 &#8211; 12.00<\/div>\n<div>25 octombrie 2023<\/div>\n<div>Va avea loc \u0219edin\u021ba Consiliului Consultativ al AJOFM Mure\u0219, av\u00e2nd ca teme: Execu\u021bia bugetului asigur\u0103rilor pentru \u0219omaj, la data de 30.09.2023; Informare asupra situa\u0163iei de pe pia\u0163a muncii (rata \u015fomajului, locurile de munc\u0103 vacante, structura \u015fomajului, cuprinderea \u0219omerilor \u00een programele de m\u0103suri active de stimulare a ocup\u0103rii); Prezentarea stadiului de realizare al Programului de Investi\u021bii; Diverse;<\/div>\n<div>27 octombrie 2023<\/div>\n<div>Directorul executiv, domnul \u0218tef Gheorghe, va participa la \u0219edin\u021ba Comisiei de dialog social a Jude\u021bului Mure\u0219, organizat\u0103 de c\u0103tre Institu\u021bia Prefectului Jude\u021bul Mure\u0219, \u00een Sala Mic\u0103 de \u0219edin\u021be a Palatului Administrativ, av\u00e2nd pe ordinea de zi: Dezbatere privind problemele din domeniul de interes al institu\u021biilor publice sau al partenerilor sociali;<\/div>\n<div>25 octombrie 2023<\/div>\n<div>Directorul executiv, domnul \u0218tef Gheorghe, va participa la \u0219edin\u021ba Colegiului Prefectural al Jude\u021bului Mure\u0219, organizat\u0103 de c\u0103tre Institu\u021bia Prefectului Jude\u021bul Mure\u0219, \u00een Sala Mare de \u0219edin\u021be a Palatului Administrativ, av\u00e2nd pe ordinea de zi: Activitatea Agen\u021biei Jude\u021bene pentru Pl\u0103\u021bi \u0219i Inspec\u021bie Social\u0103 Mure\u0219; Activitatea desf\u0103\u0219urat\u0103 de Inspectoratul Teritorial pentru calitatea Semin\u021belor \u0219i Materialului S\u0103ditor Mure\u0219; Diverse.<\/div>\n<div>27 octombrie 2023<\/div>\n<div>Se va desf\u0103\u015fura Bursa Locurilor de Munc\u0103 pentru absolven\u021bi, \u00een urm\u0103toarele loca\u0163ii:<\/div>\n<div>&#8211; Tg. Mure\u015f, la Sala Polivalent\u0103, din Aleea Parcul Sportivilor, nr. 1;<\/div>\n<div>&#8211; Reghin, la sediul punctului de lucru, str. Republicii, nr. 14;<\/div>\n<div>&#8211; T\u00e2rn\u0103veni, la sediul punctului de lucru, str. Republicii, nr. 30 et. III;<\/div>\n<div>&#8211; Sighi\u0219oara, la sediul punctului de lucru, str. Dumbravei, nr. 2;<\/div>\n<div>&#8211; Ludu\u0219, la sediul punctului de lucru, str. Republicii, nr. 43;<\/div>\n<div>&#8211; Sovata, la sediul punctului de lucru, str. Trandafirilor, nr. 25.<\/div>\n<div>Interviuri presa &#8211; la solicitare<\/div>\n","protected":false},"excerpt":{"rendered":"<p>Agenda de lucru pentru perioada 23\u201327 octombrie 2023<\/p>\n","protected":false},"author":0,"featured_media":0,"comment_status":"closed","ping_status":"closed","sticky":false,"template":"","format":"standard","meta":{"footnotes":""},"categories":[2],"tags":[],"class_list":["post-485","post","type-post","status-publish","format-standard","hentry","category-agenda-de-lucru"],"_links":{"self":[{"href":"https:\/\/www.anofm.ro\/mures\/wp-json\/wp\/v2\/posts\/485","targetHints":{"allow":["GET"]}}],"collection":[{"href":"https:\/\/www.anofm.ro\/mures\/wp-json\/wp\/v2\/posts"}],"about":[{"href":"https:\/\/www.anofm.ro\/mures\/wp-json\/wp\/v2\/types\/post"}],"replies":[{"embeddable":true,"href":"https:\/\/www.anofm.ro\/mures\/wp-json\/wp\/v2\/comments?post=485"}],"version-history":[{"count":0,"href":"https:\/\/www.anofm.ro\/mures\/wp-json\/wp\/v2\/posts\/485\/revisions"}],"wp:attachment":[{"href":"https:\/\/www.anofm.ro\/mures\/wp-json\/wp\/v2\/media?parent=485"}],"wp:term":[{"taxonomy":"category","embeddable":true,"href":"https:\/\/www.anofm.ro\/mures\/wp-json\/wp\/v2\/categories?post=485"},{"taxonomy":"post_tag","embeddable":true,"href":"https:\/\/www.anofm.ro\/mures\/wp-json\/wp\/v2\/tags?post=485"}],"curies":[{"name":"wp","href":"https:\/\/api.w.org\/{rel}","templated":true}]}}