{"id":482,"date":"2023-10-13T00:00:00","date_gmt":"2023-10-12T21:00:00","guid":{"rendered":"https:\/\/www.anofm.ro\/mures\/locuri-de-munca-in-danemarca-6\/"},"modified":"2023-10-13T00:00:00","modified_gmt":"2023-10-12T21:00:00","slug":"locuri-de-munca-in-danemarca-6","status":"publish","type":"post","link":"https:\/\/www.anofm.ro\/mures\/locuri-de-munca-in-danemarca-6\/","title":{"rendered":"Locuri de munc\u0103 \u00een Danemarca"},"content":{"rendered":"<p>Angajatorul Nr. Nebel Entrepren\u00f8rforretning av\u00e2nd cod de identificare CVR.nr. 21 64 34 91 cu sediul \u00een Tarmvej 233, 6830 N\u00f8rre Nebel (Danemarca) ofer\u0103 prin intermediul re\u0163elei EURES Rom\u00e2nia, 4 locuri de munc\u0103 vacante pentru operatori utilaje\/ excavatori\u0219ti. Locurile de munc\u0103 vor fi de regul\u0103 \u00een vestul Jutlandei dar ocazional se efectueaz\u0103 lucr\u0103ri oriunde \u00een Danemarca.<\/p>\n<p>Durata contractului: nedeterminat\u0103, norm\u0103 \u00eentreag\u0103.\u00a0<\/p>\n<p>Modalitatea de aplicare: cei interesa\u021bi pot ob\u021bine detalii de la project manager Stephan Kristensen la num\u0103rul +45 3027 8143. Detalii se reg\u0103sesc pe site-ul companiei www.nne-as.dk. Se poate aplica via email : bb@nne-as.dk sau la num\u0103rul de telefon 30808143. Se recomand\u0103 trimiterea prin email a unui CV Europass \u00een limba englez\u0103. Pentru monitorizare (f\u0103ra r\u0103spuns) emailul se va trimite la barna.fuleki.ms@anofm.gov.ro .\u00a0<\/p>\n<p>Data limit\u0103 de \u00eenscriere: 08.11.2023.<\/p>\n<div class=\"file-list-wrap\">\n<ul class=\"file-list\">\n<li><a href=\"\/upload2\/Mure\u0219\/27616\/2023_10_09_Comunicat_operator_utilaj_Danemarca.pdf\" download>2023_10_09_Comunicat_operator_utilaj_Danemarca.pdf<\/a><\/li>\n<\/ul>\n<\/div>\n","protected":false},"excerpt":{"rendered":"<p>Locuri de munc\u0103 \u00een Danemarca<\/p>\n","protected":false},"author":0,"featured_media":0,"comment_status":"closed","ping_status":"closed","sticky":false,"template":"","format":"standard","meta":{"footnotes":""},"categories":[9],"tags":[],"class_list":["post-482","post","type-post","status-publish","format-standard","hentry","category-comunicate-de-presa"],"_links":{"self":[{"href":"https:\/\/www.anofm.ro\/mures\/wp-json\/wp\/v2\/posts\/482","targetHints":{"allow":["GET"]}}],"collection":[{"href":"https:\/\/www.anofm.ro\/mures\/wp-json\/wp\/v2\/posts"}],"about":[{"href":"https:\/\/www.anofm.ro\/mures\/wp-json\/wp\/v2\/types\/post"}],"replies":[{"embeddable":true,"href":"https:\/\/www.anofm.ro\/mures\/wp-json\/wp\/v2\/comments?post=482"}],"version-history":[{"count":0,"href":"https:\/\/www.anofm.ro\/mures\/wp-json\/wp\/v2\/posts\/482\/revisions"}],"wp:attachment":[{"href":"https:\/\/www.anofm.ro\/mures\/wp-json\/wp\/v2\/media?parent=482"}],"wp:term":[{"taxonomy":"category","embeddable":true,"href":"https:\/\/www.anofm.ro\/mures\/wp-json\/wp\/v2\/categories?post=482"},{"taxonomy":"post_tag","embeddable":true,"href":"https:\/\/www.anofm.ro\/mures\/wp-json\/wp\/v2\/tags?post=482"}],"curies":[{"name":"wp","href":"https:\/\/api.w.org\/{rel}","templated":true}]}}