{"id":48,"date":"2020-03-12T00:00:00","date_gmt":"2020-03-11T22:00:00","guid":{"rendered":"https:\/\/www.anofm.ro\/mures\/anunt-referitor-la-masurile-de-siguranta-medicala-in-cadrul-ajofm-mures\/"},"modified":"2020-03-12T00:00:00","modified_gmt":"2020-03-11T22:00:00","slug":"anunt-referitor-la-masurile-de-siguranta-medicala-in-cadrul-ajofm-mures","status":"publish","type":"post","link":"https:\/\/www.anofm.ro\/mures\/anunt-referitor-la-masurile-de-siguranta-medicala-in-cadrul-ajofm-mures\/","title":{"rendered":"ANUN\u021a REFERITOR LA M\u0102SURILE DE SIGURAN\u021a\u0102 MEDICAL\u0102 \u00ceN CADRUL AJOFM MURE\u0218"},"content":{"rendered":"<p><font style=\"font-size: 16px\">Din motive de siguran\u021b\u0103 medical\u0103, legate de prevenirea r\u0103sp\u00e2ndirii \u0219i infect\u0103rii cu coronavirus, Agen\u021bia Jude\u021bean\u0103 pentru Ocuparea For\u021bei de Munc\u0103 Mure\u0219, anun\u021b\u0103 c\u0103 activitatea de audien\u021be, va fi suspendat\u0103 \u00eencep\u00e2nd cu data de 11.03.2020 \u0219i p\u00e2n\u0103 pe data de 31.03.2020, urm\u00e2nd ca, \u00een func\u021bie de evolu\u021bia situa\u021biei, s\u0103 fie anun\u021bate alte decizii.<\/font><\/p>\n<div><font style=\"font-size: 16px\"><br \/><\/font><\/div>\n<div><font style=\"font-size: 16px\">Aceste m\u0103suri nu se aplic\u0103 urm\u0103toarelor tipuri de servicii:<\/font><\/div>\n<div><font style=\"font-size: 16px\"><br \/><\/font><\/div>\n<div><font style=\"font-size: 16px\"><i>\uf0b7 depunerea, respectiv ridicarea de documente la\/de la sediul institu\u021biei;<\/i><\/font><\/div>\n<div><font style=\"font-size: 16px\"><i><br \/><\/i><\/font><\/div>\n<div><font style=\"font-size: 16px\"><i>\uf0b7 acordarea vizei lunare pentru \u0219omerii indemniza\u021bi;<\/i><\/p>\n<p>\uf0b7 alte situa\u021bii excep\u021bionale, urgente.<\/p>\n<\/p>\n<p><a href=\"\/upload\/11377\/2020_03_12_Comunicat_masuri_AJOFM.pdf\">2020_03_12_Comunicat_masuri_AJOFM.pdf<\/a> <\/p>\n<\/p>\n<p><\/font><\/div>\n<p><font style=\"font-size: 16px\"><\/p>\n<p><i><\/i><\/p>\n<\/p>\n<p><\/font><\/p>\n","protected":false},"excerpt":{"rendered":"<p>ANUN\u021a REFERITOR LA M\u0102SURILE DE SIGURAN\u021a\u0102 MEDICAL\u0102 \u00ceN CADRUL AJOFM MURE\u0218<\/p>\n","protected":false},"author":0,"featured_media":0,"comment_status":"closed","ping_status":"closed","sticky":false,"template":"","format":"standard","meta":{"footnotes":""},"categories":[9],"tags":[],"class_list":["post-48","post","type-post","status-publish","format-standard","hentry","category-comunicate-de-presa"],"_links":{"self":[{"href":"https:\/\/www.anofm.ro\/mures\/wp-json\/wp\/v2\/posts\/48","targetHints":{"allow":["GET"]}}],"collection":[{"href":"https:\/\/www.anofm.ro\/mures\/wp-json\/wp\/v2\/posts"}],"about":[{"href":"https:\/\/www.anofm.ro\/mures\/wp-json\/wp\/v2\/types\/post"}],"replies":[{"embeddable":true,"href":"https:\/\/www.anofm.ro\/mures\/wp-json\/wp\/v2\/comments?post=48"}],"version-history":[{"count":0,"href":"https:\/\/www.anofm.ro\/mures\/wp-json\/wp\/v2\/posts\/48\/revisions"}],"wp:attachment":[{"href":"https:\/\/www.anofm.ro\/mures\/wp-json\/wp\/v2\/media?parent=48"}],"wp:term":[{"taxonomy":"category","embeddable":true,"href":"https:\/\/www.anofm.ro\/mures\/wp-json\/wp\/v2\/categories?post=48"},{"taxonomy":"post_tag","embeddable":true,"href":"https:\/\/www.anofm.ro\/mures\/wp-json\/wp\/v2\/tags?post=48"}],"curies":[{"name":"wp","href":"https:\/\/api.w.org\/{rel}","templated":true}]}}