{"id":478,"date":"2023-09-27T00:00:00","date_gmt":"2023-09-26T21:00:00","guid":{"rendered":"https:\/\/www.anofm.ro\/mures\/a-maros-megyei-munkaero-foglalkoztatasi-ugynokseg-nyilvantartasaban-szereplo-adatok-szerint-2023-augusztusaban-a-munkanelkulisegi-arany-279-volt\/"},"modified":"2023-09-27T00:00:00","modified_gmt":"2023-09-26T21:00:00","slug":"a-maros-megyei-munkaero-foglalkoztatasi-ugynokseg-nyilvantartasaban-szereplo-adatok-szerint-2023-augusztusaban-a-munkanelkulisegi-arany-279-volt","status":"publish","type":"post","link":"https:\/\/www.anofm.ro\/mures\/a-maros-megyei-munkaero-foglalkoztatasi-ugynokseg-nyilvantartasaban-szereplo-adatok-szerint-2023-augusztusaban-a-munkanelkulisegi-arany-279-volt\/","title":{"rendered":"A Maros Megyei Munkaer\u0151-foglalkoztat\u00e1si \u00dcgyn\u00f6ks\u00e9g nyilv\u00e1ntart\u00e1s\u00e1ban szerepl\u0151 adatok szerint 2023 AUGUSZTUS\u00c1BAN a munkan\u00e9lk\u00fclis\u00e9gi ar\u00e1ny 2,79% volt."},"content":{"rendered":"<div>Augusztus v\u00e9g\u00e9n a Maros Megyei Munkaer\u0151-foglalkoztat\u00e1si \u00dcgyn\u00f6ks\u00e9g 5790 munkan\u00e9lk\u00fcli szem\u00e9lyt tartott nyilv\u00e1n (ebb\u0151l 2749 n\u0151), \u00edgy a munkan\u00e9lk\u00fclis\u00e9gi ar\u00e1ny 2,79%-os.<\/div>\n<div>Az el\u0151z\u0151 h\u00f3naphoz k\u00e9pest, amikor a munkan\u00e9lk\u00fclis\u00e9gi ar\u00e1ny 2,82%-os volt, ebben a h\u00f3napban ez a mutat\u00f3 0,03 sz\u00e1zal\u00e9kponttal cs\u00f6kent.<\/div>\n<div class=\"file-list-wrap\">\n<ul class=\"file-list\">\n<li><a href=\"\/upload2\/Mure\u0219\/27384\/2023_09_25_Comunicat_de_presa_somaj_hun.pdf\" download>2023_09_25_Comunicat_de_presa_somaj_hun.pdf<\/a><\/li>\n<\/ul>\n<\/div>\n","protected":false},"excerpt":{"rendered":"<p>A Maros Megyei Munkaer\u0151-foglalkoztat\u00e1si \u00dcgyn\u00f6ks\u00e9g nyilv\u00e1ntart\u00e1s\u00e1ban szerepl\u0151 adatok szerint 2023 AUGUSZTUS\u00c1BAN a munkan\u00e9lk\u00fclis\u00e9gi ar\u00e1ny 2,79% volt.<\/p>\n","protected":false},"author":0,"featured_media":0,"comment_status":"closed","ping_status":"closed","sticky":false,"template":"","format":"standard","meta":{"footnotes":""},"categories":[9],"tags":[],"class_list":["post-478","post","type-post","status-publish","format-standard","hentry","category-comunicate-de-presa"],"_links":{"self":[{"href":"https:\/\/www.anofm.ro\/mures\/wp-json\/wp\/v2\/posts\/478","targetHints":{"allow":["GET"]}}],"collection":[{"href":"https:\/\/www.anofm.ro\/mures\/wp-json\/wp\/v2\/posts"}],"about":[{"href":"https:\/\/www.anofm.ro\/mures\/wp-json\/wp\/v2\/types\/post"}],"replies":[{"embeddable":true,"href":"https:\/\/www.anofm.ro\/mures\/wp-json\/wp\/v2\/comments?post=478"}],"version-history":[{"count":0,"href":"https:\/\/www.anofm.ro\/mures\/wp-json\/wp\/v2\/posts\/478\/revisions"}],"wp:attachment":[{"href":"https:\/\/www.anofm.ro\/mures\/wp-json\/wp\/v2\/media?parent=478"}],"wp:term":[{"taxonomy":"category","embeddable":true,"href":"https:\/\/www.anofm.ro\/mures\/wp-json\/wp\/v2\/categories?post=478"},{"taxonomy":"post_tag","embeddable":true,"href":"https:\/\/www.anofm.ro\/mures\/wp-json\/wp\/v2\/tags?post=478"}],"curies":[{"name":"wp","href":"https:\/\/api.w.org\/{rel}","templated":true}]}}