{"id":475,"date":"2023-09-22T00:00:00","date_gmt":"2023-09-21T21:00:00","guid":{"rendered":"https:\/\/www.anofm.ro\/mures\/agenda-de-lucru-pentru-perioada-25-29-septembrie-2023\/"},"modified":"2023-09-22T00:00:00","modified_gmt":"2023-09-21T21:00:00","slug":"agenda-de-lucru-pentru-perioada-25-29-septembrie-2023","status":"publish","type":"post","link":"https:\/\/www.anofm.ro\/mures\/agenda-de-lucru-pentru-perioada-25-29-septembrie-2023\/","title":{"rendered":"Agenda de lucru pentru perioada 25\u201329 septembrie 2023"},"content":{"rendered":"<div>PROGRAM DE AUDIENTE<\/div>\n<div>Director Executiv \u2013 \u015eTEF GHEORGHE<\/div>\n<div>&#8211; Luni: 09.00 &#8211; 12.00<\/div>\n<div>Director Executiv Adjunct \u2013 BOGDAN ELISABETA<\/div>\n<div>&#8211; Miercuri: 09.00 &#8211; 12.00<\/div>\n<div>26 septembrie 2023<\/div>\n<div>Directorul executiv adjunct, doamna Bogdan Elisabeta, va participa la \u0219edin\u021ba Comitetului pentru accelerarea procesului de dezinstitu\u021bionalizare \u0219i de prevenire a institu\u021bionaliz\u00eerii a jude\u021bului Mure\u0219, organizat\u0103 de c\u0103tre Direc\u021bia General\u0103 de Asisten\u021b\u0103 Social\u0103 \u0219i Protec\u021bia Copilului, av\u00e2nd pe ordinea de zi: Stadiul procesului de restructurare al centrelor de mare capacitate pentru persoanele adulte cu handicap din structura DGASPC Mure\u0219 \u0219i Demersuri intreprinse de c\u0103tre DGASPC Mure\u0219 pentru preluarea beneficiarilor din serviciile sociale private a c\u0103ror licen\u021b\u0103 a fost retras\u0103;<\/div>\n<div>27 septembrie 2023<\/div>\n<div>Va avea loc \u0219edin\u021ba Consiliului Consultativ al AJOFM Mure\u0219, av\u00e2nd ca teme: Discutarea m\u0103surilor privind organizarea bursei locurilor de munc\u0103 pentru absolven\u021bi; Informare asupra situa\u0163iei de pe pia\u0163a muncii (rata \u015fomajului, locurile de munc\u0103 vacante, structura \u015fomajului, cuprinderea \u0219omerilor \u00een programele de m\u0103suri active de stimulare a ocup\u0103rii); Prezentarea stadiului de realizare al Programului de Investi\u021bii; Diverse;<\/div>\n<div>27 septembrie 2023<\/div>\n<div>Directorul executiv, domnul \u0218tef Gheorghe, va participa la lucr\u0103rile Comisiei de Autorizare a Furnizorilor de Formare Profesional\u0103 din jude\u021bul Mure\u0219, organizate de Agen\u021bia Jude\u021bean\u0103 pentru Pl\u0103\u021bi \u0219i Inspec\u021bie Social\u0103 Mure\u0219;<\/div>\n<p>27 septembrie 2023<\/p>\n<p>Directorul executiv, domnul \u0218tef Gheorghe, va participa la \u0219edin\u021ba Colegiului Prefectural al Jude\u021bului Mure\u0219, organizat\u0103 de c\u0103tre Institu\u021bia Prefectului Jude\u021bul Mure\u0219, \u00een Sala Mare de\u00a0<span style=\"font-size: 1rem\">\u0219edin\u021be a Palatului Administrativ, av\u00e2nd pe ordinea de zi: Activitatea Direc\u021biei Jude\u021bene pentru Tineret \u0219i Sport Mure\u0219; H\u0103r\u021bile de Hazard \u0219i de Risc la inunda\u021bii \u00een zonele declarate cu risc semnificativ la nivelul jude\u021bului Mure\u0219, conform Directivei Inunda\u021bii. M\u0103surile de reducere a Riscului la Inunda\u021bii propuse \u00een Planul de Management al Riscului la Inunda\u021bii al jude\u021bului Mure\u0219; Diverse.<\/span><\/p>\n<div>29 septembrie 2023<\/div>\n<div>Directorul executiv, domnul \u0218tef Gheorghe, va participa la \u0219edin\u021ba Comisiei de dialog social a Jude\u021bului Mure\u0219, organizat\u0103 de c\u0103tre Institu\u021bia Prefectului Jude\u021bul Mure\u0219, \u00een Sala Mic\u0103 de \u0219edin\u021be a Palatului Administrativ, av\u00e2nd pe ordinea de zi: Problematica tinerilor NEETs \u00een vederea identific\u0103rii de solu\u021bii pentru reducerea num\u0103rului tinerilor care nu au loc de munc\u0103, nu urmeaz\u0103 o form\u0103 de \u00eenv\u0103\u021b\u0103m\u00e2nt \u0219i nu particip\u0103 la activit\u0103\u021bi de formare profesional\u0103 \u2013 tem\u0103 prezentat\u0103 de c\u0103tre directorul executiv al AJOFM Mure\u0219, domnul \u0218tef Gheorghe;<\/div>\n<div>Interviuri presa &#8211; la solicitare<\/div>\n","protected":false},"excerpt":{"rendered":"<p>Agenda de lucru pentru perioada 25\u201329 septembrie 2023<\/p>\n","protected":false},"author":0,"featured_media":0,"comment_status":"closed","ping_status":"closed","sticky":false,"template":"","format":"standard","meta":{"footnotes":""},"categories":[2],"tags":[],"class_list":["post-475","post","type-post","status-publish","format-standard","hentry","category-agenda-de-lucru"],"_links":{"self":[{"href":"https:\/\/www.anofm.ro\/mures\/wp-json\/wp\/v2\/posts\/475","targetHints":{"allow":["GET"]}}],"collection":[{"href":"https:\/\/www.anofm.ro\/mures\/wp-json\/wp\/v2\/posts"}],"about":[{"href":"https:\/\/www.anofm.ro\/mures\/wp-json\/wp\/v2\/types\/post"}],"replies":[{"embeddable":true,"href":"https:\/\/www.anofm.ro\/mures\/wp-json\/wp\/v2\/comments?post=475"}],"version-history":[{"count":0,"href":"https:\/\/www.anofm.ro\/mures\/wp-json\/wp\/v2\/posts\/475\/revisions"}],"wp:attachment":[{"href":"https:\/\/www.anofm.ro\/mures\/wp-json\/wp\/v2\/media?parent=475"}],"wp:term":[{"taxonomy":"category","embeddable":true,"href":"https:\/\/www.anofm.ro\/mures\/wp-json\/wp\/v2\/categories?post=475"},{"taxonomy":"post_tag","embeddable":true,"href":"https:\/\/www.anofm.ro\/mures\/wp-json\/wp\/v2\/tags?post=475"}],"curies":[{"name":"wp","href":"https:\/\/api.w.org\/{rel}","templated":true}]}}