{"id":471,"date":"2023-09-19T00:00:00","date_gmt":"2023-09-18T21:00:00","guid":{"rendered":"https:\/\/www.anofm.ro\/mures\/organizarea-activitatii-de-informare-de-catre-autoritatile-daneze-pentru-cetatenii-straini-care-doresc-sa-lucreze-in-danemarca\/"},"modified":"2023-09-19T00:00:00","modified_gmt":"2023-09-18T21:00:00","slug":"organizarea-activitatii-de-informare-de-catre-autoritatile-daneze-pentru-cetatenii-straini-care-doresc-sa-lucreze-in-danemarca","status":"publish","type":"post","link":"https:\/\/www.anofm.ro\/mures\/organizarea-activitatii-de-informare-de-catre-autoritatile-daneze-pentru-cetatenii-straini-care-doresc-sa-lucreze-in-danemarca\/","title":{"rendered":"Organizarea  activitatii de informare de catre  Autorit\u0103\u021bile daneze pentru cet\u0103\u021benii str\u0103ini care doresc s\u0103 lucreze \u00een Danemarca"},"content":{"rendered":"<div>Autorit\u0103\u021bile daneze organizeaz\u0103 o activitate de informare pentru cet\u0103\u021benii str\u0103ini care doresc s\u0103<\/div>\n<div>lucreze \u00een Danemarca. Evenimentele vor fi organizate inclusiv online, se vor furniza informa\u021bii<\/div>\n<div>despre condi\u021biile de via\u021b\u0103 \u0219i de munc\u0103 din Danemarca. Este important de re\u021binut c\u0103 Danemarca e<\/div>\n<div>\u00een urm\u0103 cu o or\u0103 fa\u021b\u0103 de Rom\u00e2nia.<\/div>\n<div class=\"file-list-wrap\">\n<ul class=\"file-list\">\n<li><a href=\"\/upload2\/Mure\u0219\/27283\/2023_09_18_Comunicat_DK_mediatizare.pdf\" download>2023_09_18_Comunicat_DK_mediatizare.pdf<\/a><\/li>\n<\/ul>\n<\/div>\n","protected":false},"excerpt":{"rendered":"<p>Organizarea  activitatii de informare de catre  Autorit\u0103\u021bile daneze pentru cet\u0103\u021benii str\u0103ini care doresc s\u0103lucreze \u00een Danemarca<\/p>\n","protected":false},"author":0,"featured_media":0,"comment_status":"closed","ping_status":"closed","sticky":false,"template":"","format":"standard","meta":{"footnotes":""},"categories":[9],"tags":[],"class_list":["post-471","post","type-post","status-publish","format-standard","hentry","category-comunicate-de-presa"],"_links":{"self":[{"href":"https:\/\/www.anofm.ro\/mures\/wp-json\/wp\/v2\/posts\/471","targetHints":{"allow":["GET"]}}],"collection":[{"href":"https:\/\/www.anofm.ro\/mures\/wp-json\/wp\/v2\/posts"}],"about":[{"href":"https:\/\/www.anofm.ro\/mures\/wp-json\/wp\/v2\/types\/post"}],"replies":[{"embeddable":true,"href":"https:\/\/www.anofm.ro\/mures\/wp-json\/wp\/v2\/comments?post=471"}],"version-history":[{"count":0,"href":"https:\/\/www.anofm.ro\/mures\/wp-json\/wp\/v2\/posts\/471\/revisions"}],"wp:attachment":[{"href":"https:\/\/www.anofm.ro\/mures\/wp-json\/wp\/v2\/media?parent=471"}],"wp:term":[{"taxonomy":"category","embeddable":true,"href":"https:\/\/www.anofm.ro\/mures\/wp-json\/wp\/v2\/categories?post=471"},{"taxonomy":"post_tag","embeddable":true,"href":"https:\/\/www.anofm.ro\/mures\/wp-json\/wp\/v2\/tags?post=471"}],"curies":[{"name":"wp","href":"https:\/\/api.w.org\/{rel}","templated":true}]}}