{"id":4697,"date":"2024-10-04T08:46:14","date_gmt":"2024-10-04T05:46:14","guid":{"rendered":"https:\/\/www.anofm.ro\/mures\/?p=4697"},"modified":"2024-10-04T08:48:37","modified_gmt":"2024-10-04T05:48:37","slug":"agenda-de-lucru-pentru-perioada-07-octombrie-11-octombrie-2024","status":"publish","type":"post","link":"https:\/\/www.anofm.ro\/mures\/agenda-de-lucru-pentru-perioada-07-octombrie-11-octombrie-2024\/","title":{"rendered":"Agenda de lucru pentru perioada 07 Octombrie-11 Octombrie 2024"},"content":{"rendered":"\n<p><strong>Rela\u0163iile interinstitu\u0163ionale ale conducerii executive a AJOFM Mure<\/strong><strong>\u015f<\/strong><strong> &nbsp;<\/strong><strong>\u00een <\/strong><strong>perioada 07 OCTOMBRIE \u2013 11 OCTOMBRIE 2024<\/strong><\/p>\n\n\n\n<p><strong>PROGRAM DE AUDIENTE<\/strong><\/p>\n\n\n\n<p><strong>Director Executiv \u2013 \u015eTEF GHEORGHE<\/strong><strong><\/strong><\/p>\n\n\n\n<p><strong>&#8211; Luni: 09.00 &#8211; 12.00<\/strong><\/p>\n\n\n\n<p><strong>Director Executiv Adjunct \u2013 BOGDAN ELISABETA<\/strong><\/p>\n\n\n\n<p><strong>&#8211; Miercuri: 09.00 &#8211; 12.00<\/strong><\/p>\n\n\n\n<p><strong>08-09 octombrie 2024<\/strong><\/p>\n\n\n\n<p>Directorul executiv, domnul \u0218tef Gheorghe, va participa la instruirea zonal\u0103 referitoare la func\u021bionarea platformei PULS, prestatorul casnic \u0219i demararea proiectelor pentru accesarea de fonduri europene, organizat\u0103 de ANOFM, la Centrul Na\u021bional de Formare Profesional\u0103 a Personalului Propriu al ANOFM &#8211; R\u00e2\u0219nov.<\/p>\n\n\n\n<p><strong>11 octombrie 2024<\/strong><\/p>\n\n\n\n<p><strong>AJOFM Mure<\/strong><strong>\u0219 <\/strong><strong>organizeaz\u0103 Bursa Locurilor de Munc\u0103 pentru Absolven<\/strong><strong>\u021bi, <\/strong>\u00een urm\u0103toarele loca\u0163ii:<\/p>\n\n\n\n<p>&#8211; Tg. Mure\u015f, la Centrul Cultural Mihai Eminescu, str. Nicolae Grigorescu, nr. 19;<\/p>\n\n\n\n<p>&#8211; Reghin, la sediul punctului de lucru, str. Republicii, nr. 14;<\/p>\n\n\n\n<p>&#8211; Sighi\u0219oara, la sediul punctului de lucru, str. Dumbravei, nr. 2;<\/p>\n\n\n\n<p>&#8211; Ludu\u0219, la sediul punctului de lucru, str. Republicii, nr. 43;<\/p>\n\n\n\n<p>&#8211; Sovata, la sediul punctului de lucru, str. Trandafirilor, nr. 25.<\/p>\n\n\n\n<p><strong>Interviuri presa &#8211; la solicitare<\/strong><\/p>\n\n\n\n<div class=\"file-list-wrap\"><p class=\"h4\">Documente desc\u0103rcabile<\/p><ul class=\"file-list\"><\/ul><\/div>\n","protected":false},"excerpt":{"rendered":"<p>Rela\u0163iile interinstitu\u0163ionale ale conducerii executive a AJOFM Mure\u015f &nbsp;\u00een perioada 07 OCTOMBRIE \u2013 11 OCTOMBRIE 2024 PROGRAM DE AUDIENTE Director Executiv \u2013 \u015eTEF GHEORGHE &#8211; Luni: 09.00 &#8211; 12.00 Director<\/p>\n","protected":false},"author":372,"featured_media":0,"comment_status":"closed","ping_status":"closed","sticky":false,"template":"","format":"standard","meta":{"footnotes":""},"categories":[2],"tags":[],"class_list":["post-4697","post","type-post","status-publish","format-standard","hentry","category-agenda-de-lucru"],"_links":{"self":[{"href":"https:\/\/www.anofm.ro\/mures\/wp-json\/wp\/v2\/posts\/4697","targetHints":{"allow":["GET"]}}],"collection":[{"href":"https:\/\/www.anofm.ro\/mures\/wp-json\/wp\/v2\/posts"}],"about":[{"href":"https:\/\/www.anofm.ro\/mures\/wp-json\/wp\/v2\/types\/post"}],"author":[{"embeddable":true,"href":"https:\/\/www.anofm.ro\/mures\/wp-json\/wp\/v2\/users\/372"}],"replies":[{"embeddable":true,"href":"https:\/\/www.anofm.ro\/mures\/wp-json\/wp\/v2\/comments?post=4697"}],"version-history":[{"count":2,"href":"https:\/\/www.anofm.ro\/mures\/wp-json\/wp\/v2\/posts\/4697\/revisions"}],"predecessor-version":[{"id":4700,"href":"https:\/\/www.anofm.ro\/mures\/wp-json\/wp\/v2\/posts\/4697\/revisions\/4700"}],"wp:attachment":[{"href":"https:\/\/www.anofm.ro\/mures\/wp-json\/wp\/v2\/media?parent=4697"}],"wp:term":[{"taxonomy":"category","embeddable":true,"href":"https:\/\/www.anofm.ro\/mures\/wp-json\/wp\/v2\/categories?post=4697"},{"taxonomy":"post_tag","embeddable":true,"href":"https:\/\/www.anofm.ro\/mures\/wp-json\/wp\/v2\/tags?post=4697"}],"curies":[{"name":"wp","href":"https:\/\/api.w.org\/{rel}","templated":true}]}}