{"id":459,"date":"2023-08-10T00:00:00","date_gmt":"2023-08-09T21:00:00","guid":{"rendered":"https:\/\/www.anofm.ro\/mures\/prognoza-cursuri-luna-septembrie-2023\/"},"modified":"2023-08-10T00:00:00","modified_gmt":"2023-08-09T21:00:00","slug":"prognoza-cursuri-luna-septembrie-2023","status":"publish","type":"post","link":"https:\/\/www.anofm.ro\/mures\/prognoza-cursuri-luna-septembrie-2023\/","title":{"rendered":"Prognoz\u0103 cursuri luna Septembrie  2023"},"content":{"rendered":"<div>Agen\u021bia Jude\u021bean\u0103 pentru Ocuparea For\u021bei de Munc\u0103 Mure\u015f inten\u0163ioneaz\u0103 s\u0103 organizeze p\u00e2n\u0103 la 30 septembrie 2023, 5 programe de formare profesional\u0103 \u00een urm\u0103toarele meserii \u015fi ocupa\u0163ii :<\/div>\n<div>1. Coafor &#8211; program de calificare;<\/div>\n<div>2. Cofetar-patiser \u2013 program de calificare;<\/div>\n<div>3. Contabil &#8211; program de ini\u021biere;<\/div>\n<div>4. Lucr\u0103tor comercial &#8211; program de calificare (Tg. Mure\u0219);<\/div>\n<div>5. Lucr\u0103tor comercial &#8211; program de calificare (T\u00e2rn\u0103veni).<\/div>\n<div>\u00cen anul 2023, agen\u021bia a organizat 22 programe de formare profesional\u0103, din care: 21 programe pentru \u0219omeri \u0219i un program pentru persoanele aflate \u00een deten\u021bie, la care au fost cuprinse un num\u0103r de 325 persoane, din care: 318 \u015fomeri \u0219i 7 persoane aflate \u00een deten\u021bie.<\/div>\n<div>\u00cen urma absolvirii programelor de formare profesional\u0103 la care au participat, 171 persoane s-au \u00eencadrat \u00een munc\u0103.<\/div>\n","protected":false},"excerpt":{"rendered":"<p>Agen\u021bia Jude\u021bean\u0103 pentru Ocuparea For\u021bei de Munc\u0103 Mure\u015f inten\u0163ioneaz\u0103 s\u0103 organizeze p\u00e2n\u0103 la 30 septembrie 2023, 5 programe de formare profesional\u0103 \u00een urm\u0103toarele meserii \u015fi ocupa\u0163ii : 1. Coafor &#8211;<\/p>\n","protected":false},"author":0,"featured_media":0,"comment_status":"closed","ping_status":"closed","sticky":false,"template":"","format":"standard","meta":{"footnotes":""},"categories":[11],"tags":[],"class_list":["post-459","post","type-post","status-publish","format-standard","hentry","category-cursuri-de-formare-profesionala"],"_links":{"self":[{"href":"https:\/\/www.anofm.ro\/mures\/wp-json\/wp\/v2\/posts\/459","targetHints":{"allow":["GET"]}}],"collection":[{"href":"https:\/\/www.anofm.ro\/mures\/wp-json\/wp\/v2\/posts"}],"about":[{"href":"https:\/\/www.anofm.ro\/mures\/wp-json\/wp\/v2\/types\/post"}],"replies":[{"embeddable":true,"href":"https:\/\/www.anofm.ro\/mures\/wp-json\/wp\/v2\/comments?post=459"}],"version-history":[{"count":0,"href":"https:\/\/www.anofm.ro\/mures\/wp-json\/wp\/v2\/posts\/459\/revisions"}],"wp:attachment":[{"href":"https:\/\/www.anofm.ro\/mures\/wp-json\/wp\/v2\/media?parent=459"}],"wp:term":[{"taxonomy":"category","embeddable":true,"href":"https:\/\/www.anofm.ro\/mures\/wp-json\/wp\/v2\/categories?post=459"},{"taxonomy":"post_tag","embeddable":true,"href":"https:\/\/www.anofm.ro\/mures\/wp-json\/wp\/v2\/tags?post=459"}],"curies":[{"name":"wp","href":"https:\/\/api.w.org\/{rel}","templated":true}]}}