{"id":452,"date":"2023-07-24T00:00:00","date_gmt":"2023-07-23T21:00:00","guid":{"rendered":"https:\/\/www.anofm.ro\/mures\/agenda-de-lucru-pentru-perioada-24-28-iulie-2023\/"},"modified":"2023-07-24T00:00:00","modified_gmt":"2023-07-23T21:00:00","slug":"agenda-de-lucru-pentru-perioada-24-28-iulie-2023","status":"publish","type":"post","link":"https:\/\/www.anofm.ro\/mures\/agenda-de-lucru-pentru-perioada-24-28-iulie-2023\/","title":{"rendered":"Agenda de lucru pentru perioada 24\u201328 iulie 2023"},"content":{"rendered":"<div>Rela\u0163iile interinstitu\u0163ionale ale conducerii executive a AJOFM Mure\u015f \u00een perioada 24 iulie \u2013 28 iulie 2023<\/div>\n<div>PROGRAM DE AUDIENTE<\/div>\n<div>Director Executiv \u2013 \u015eTEF GHEORGHE<\/div>\n<div>&#8211; Luni: 09.00 &#8211; 12.00<\/div>\n<div>Director Executiv Adjunct \u2013 BOGDAN ELISABETA<\/div>\n<div>&#8211; Miercuri: 09.00 &#8211; 12.00<\/div>\n<div>26 iulie 2023<\/div>\n<div>Va avea loc \u0219edin\u021ba Consiliului Consultativ al AJOFM Mure\u0219, av\u00e2nd ca teme: Situa\u021bia proiectelor aflate \u00een implementare, la nivelul AJOFM Mure\u0219; Informare asupra situa\u0163iei de pe pia\u0163a muncii (rata \u015fomajului, locurile de munc\u0103 vacante, structura \u015fomajului, cuprinderea \u0219omerilor \u00een programele de m\u0103suri active de stimulare a ocup\u0103rii); Prezentarea stadiului de realizare al Programului de Investi\u021bii; Diverse;<\/div>\n<div>26 iulie 2023<\/div>\n<div>Directorul executiv, domnul \u0218tef Gheorghe, va participa la \u0219edin\u021ba Colegiului Prefectural al Jude\u021bului Mure\u0219, organizat\u0103 de c\u0103tre Institu\u021bia Prefectului Jude\u021bul Mure\u0219, \u00een Sala Mare de \u0219edin\u021be a Palatului Administrativ, av\u00e2nd pe ordinea de zi: Rezultatele campaniei de preluare a cererilor unice de plat\u0103 pentru anul 2023 \u2013 prezint\u0103 Agen\u021bia de Pl\u0103\u021bi \u0219i Interven\u021bie pentru Agricultur\u0103 Mure\u0219 \u0219i Informare privind activitatea desf\u0103\u0219urat\u0103 de Casa Jude\u021bean\u0103 de Pensii Mure\u0219.<\/div>\n<div>Interviuri presa &#8211; la solicitare<\/div>\n","protected":false},"excerpt":{"rendered":"<p>Agenda de lucru pentru perioada 24\u201328 iulie 2023<\/p>\n","protected":false},"author":0,"featured_media":0,"comment_status":"closed","ping_status":"closed","sticky":false,"template":"","format":"standard","meta":{"footnotes":""},"categories":[2],"tags":[],"class_list":["post-452","post","type-post","status-publish","format-standard","hentry","category-agenda-de-lucru"],"_links":{"self":[{"href":"https:\/\/www.anofm.ro\/mures\/wp-json\/wp\/v2\/posts\/452","targetHints":{"allow":["GET"]}}],"collection":[{"href":"https:\/\/www.anofm.ro\/mures\/wp-json\/wp\/v2\/posts"}],"about":[{"href":"https:\/\/www.anofm.ro\/mures\/wp-json\/wp\/v2\/types\/post"}],"replies":[{"embeddable":true,"href":"https:\/\/www.anofm.ro\/mures\/wp-json\/wp\/v2\/comments?post=452"}],"version-history":[{"count":0,"href":"https:\/\/www.anofm.ro\/mures\/wp-json\/wp\/v2\/posts\/452\/revisions"}],"wp:attachment":[{"href":"https:\/\/www.anofm.ro\/mures\/wp-json\/wp\/v2\/media?parent=452"}],"wp:term":[{"taxonomy":"category","embeddable":true,"href":"https:\/\/www.anofm.ro\/mures\/wp-json\/wp\/v2\/categories?post=452"},{"taxonomy":"post_tag","embeddable":true,"href":"https:\/\/www.anofm.ro\/mures\/wp-json\/wp\/v2\/tags?post=452"}],"curies":[{"name":"wp","href":"https:\/\/api.w.org\/{rel}","templated":true}]}}