{"id":445,"date":"2023-07-07T00:00:00","date_gmt":"2023-07-06T21:00:00","guid":{"rendered":"https:\/\/www.anofm.ro\/mures\/locuri-de-munca-in-norvegia-2\/"},"modified":"2023-07-07T00:00:00","modified_gmt":"2023-07-06T21:00:00","slug":"locuri-de-munca-in-norvegia-2","status":"publish","type":"post","link":"https:\/\/www.anofm.ro\/mures\/locuri-de-munca-in-norvegia-2\/","title":{"rendered":"Locuri de munc\u0103 \u00een Norvegia"},"content":{"rendered":"<p>Angajatorul SVANE BEMANNING AS din localitatea Trondheim (regiunea: S\u00f8r-Tr\u00f8ndelag din Norvegia), ofer\u0103, prin intermediul re\u0163elei EURES Rom\u00e2nia, 5 locuri de munc\u0103 vacante pentru mecanici specializa\u021bi \u00een camioane. Se vor efectua lucr\u0103ri specifice ce includ repara\u021bii pentru vehicule grele inclusiv utilaje pentru agricultur\u0103 \u0219i\/sau construc\u021bii. Cerin\u021be: experien\u021b\u0103 \u00een domeniul repara\u021biilor vehiculelor grele precum \u0219i a utilajelor pentru agricultur\u0103 \u0219i construc\u021bii, calificarea ca mecanic pentru vehicule grele constituie avantaj, permis cat.C\/CE, permis D\/DE constituie avantaj, cuno\u0219tin\u021be IT. Angajatorul caut\u0103 persoane care cunosc limba englez\u0103 sau norvegian\u0103.<\/p>\n<p>Modalitatea de aplicare: se trimite CV Europass \u00een limba englez\u0103 la maja@svanebemanning.no<\/p>\n<p>Data limit\u0103 de \u00eenscriere:31.07.2023<\/p>\n<div class=\"file-list-wrap\">\n<ul class=\"file-list\">\n<li><a href=\"\/upload2\/Mure\u0219\/26626\/2023_07_06_Comunicat_de_presa_-mecanici_camioane_Norvegia.pdf\" download>2023_07_06_Comunicat_de_presa_-mecanici_camioane_Norvegia.pdf<\/a><\/li>\n<\/ul>\n<\/div>\n","protected":false},"excerpt":{"rendered":"<p>Locuri de munc\u0103 \u00een Norvegia<\/p>\n","protected":false},"author":0,"featured_media":0,"comment_status":"closed","ping_status":"closed","sticky":false,"template":"","format":"standard","meta":{"footnotes":""},"categories":[9],"tags":[],"class_list":["post-445","post","type-post","status-publish","format-standard","hentry","category-comunicate-de-presa"],"_links":{"self":[{"href":"https:\/\/www.anofm.ro\/mures\/wp-json\/wp\/v2\/posts\/445","targetHints":{"allow":["GET"]}}],"collection":[{"href":"https:\/\/www.anofm.ro\/mures\/wp-json\/wp\/v2\/posts"}],"about":[{"href":"https:\/\/www.anofm.ro\/mures\/wp-json\/wp\/v2\/types\/post"}],"replies":[{"embeddable":true,"href":"https:\/\/www.anofm.ro\/mures\/wp-json\/wp\/v2\/comments?post=445"}],"version-history":[{"count":0,"href":"https:\/\/www.anofm.ro\/mures\/wp-json\/wp\/v2\/posts\/445\/revisions"}],"wp:attachment":[{"href":"https:\/\/www.anofm.ro\/mures\/wp-json\/wp\/v2\/media?parent=445"}],"wp:term":[{"taxonomy":"category","embeddable":true,"href":"https:\/\/www.anofm.ro\/mures\/wp-json\/wp\/v2\/categories?post=445"},{"taxonomy":"post_tag","embeddable":true,"href":"https:\/\/www.anofm.ro\/mures\/wp-json\/wp\/v2\/tags?post=445"}],"curies":[{"name":"wp","href":"https:\/\/api.w.org\/{rel}","templated":true}]}}