{"id":436,"date":"2023-06-21T00:00:00","date_gmt":"2023-06-20T21:00:00","guid":{"rendered":"https:\/\/www.anofm.ro\/mures\/5-programe-de-formare-profesionala-vor-incepe-in-luna-iulie-2023\/"},"modified":"2023-06-21T00:00:00","modified_gmt":"2023-06-20T21:00:00","slug":"5-programe-de-formare-profesionala-vor-incepe-in-luna-iulie-2023","status":"publish","type":"post","link":"https:\/\/www.anofm.ro\/mures\/5-programe-de-formare-profesionala-vor-incepe-in-luna-iulie-2023\/","title":{"rendered":"5 programe de formare profesional\u0103 vor \u00eencepe \u00een luna iulie 2023"},"content":{"rendered":"<div>Agen\u021bia Jude\u021bean\u0103 pentru Ocuparea For\u021bei de Munc\u0103 Mure\u015f inten\u0163ioneaz\u0103 s\u0103 organizeze p\u00e2n\u0103 la 31 iulie 2023, 5 programe de formare profesional\u0103 \u00een urm\u0103toarele meserii \u015fi ocupa\u0163ii :<\/div>\n<div>1. Instalator instala\u021bii sanitare \u0219i gaze \u2013 program de calificare;<\/div>\n<div>2. Manichiur\u0103-pedichiur\u0103 \u2013 program de calificare;<\/div>\n<div>3. Camerist\u0103 &#8211; program de calificare;<\/div>\n<div>4. Competen\u021be digitale de utilizare a tehnologiei informa\u021biei ca instrument de \u00eenv\u0103\u021bare \u0219i cunoa\u0219tere;<\/div>\n<div>5. Referent resurse umane \u2013 program de specializare.<\/div>\n<div>\u00cen anul 2023, agen\u021bia a organizat 14 programe de formare<\/div>\n<div class=\"file-list-wrap\">\n<ul class=\"file-list\">\n<li><a href=\"\/upload2\/Mure\u0219\/26449\/2023_06_16_Comunicat_cursuri_formare_profesionala_prognoza.pdf\" download>2023_06_16_Comunicat_cursuri_formare_profesionala_prognoza.pdf<\/a><\/li>\n<\/ul>\n<\/div>\n","protected":false},"excerpt":{"rendered":"<p>5 programe de formare profesional\u0103 vor \u00eencepe \u00een luna iulie 2023<\/p>\n","protected":false},"author":0,"featured_media":0,"comment_status":"closed","ping_status":"closed","sticky":false,"template":"","format":"standard","meta":{"footnotes":""},"categories":[9],"tags":[],"class_list":["post-436","post","type-post","status-publish","format-standard","hentry","category-comunicate-de-presa"],"_links":{"self":[{"href":"https:\/\/www.anofm.ro\/mures\/wp-json\/wp\/v2\/posts\/436","targetHints":{"allow":["GET"]}}],"collection":[{"href":"https:\/\/www.anofm.ro\/mures\/wp-json\/wp\/v2\/posts"}],"about":[{"href":"https:\/\/www.anofm.ro\/mures\/wp-json\/wp\/v2\/types\/post"}],"replies":[{"embeddable":true,"href":"https:\/\/www.anofm.ro\/mures\/wp-json\/wp\/v2\/comments?post=436"}],"version-history":[{"count":0,"href":"https:\/\/www.anofm.ro\/mures\/wp-json\/wp\/v2\/posts\/436\/revisions"}],"wp:attachment":[{"href":"https:\/\/www.anofm.ro\/mures\/wp-json\/wp\/v2\/media?parent=436"}],"wp:term":[{"taxonomy":"category","embeddable":true,"href":"https:\/\/www.anofm.ro\/mures\/wp-json\/wp\/v2\/categories?post=436"},{"taxonomy":"post_tag","embeddable":true,"href":"https:\/\/www.anofm.ro\/mures\/wp-json\/wp\/v2\/tags?post=436"}],"curies":[{"name":"wp","href":"https:\/\/api.w.org\/{rel}","templated":true}]}}