{"id":4272,"date":"2024-09-20T09:01:42","date_gmt":"2024-09-20T06:01:42","guid":{"rendered":"https:\/\/www.anofm.ro\/mures\/?p=4272"},"modified":"2024-09-20T09:03:31","modified_gmt":"2024-09-20T06:03:31","slug":"agenda-de-lucru","status":"publish","type":"post","link":"https:\/\/www.anofm.ro\/mures\/agenda-de-lucru\/","title":{"rendered":"Agenda de lucru pentru perioada 23 Septembrie-27 Septembrie 2024"},"content":{"rendered":"\n<p><strong>Rela\u0163iile interinstitu\u0163ionale ale conducerii executive a AJOFM Mure<\/strong><strong>\u015f<\/strong><strong> &nbsp;<\/strong><strong>\u00een <\/strong><strong>perioada 23 SEPTEMBRIE \u2013 27 SEPTEMBRIE 2024<\/strong><\/p>\n\n\n\n<p><strong>PROGRAM DE AUDIENTE<\/strong><\/p>\n\n\n\n<p><strong>Director Executiv \u2013 \u015eTEF GHEORGHE<\/strong><strong><\/strong><\/p>\n\n\n\n<p><strong>&#8211; Luni: 09.00 &#8211; 12.00<\/strong><\/p>\n\n\n\n<p><strong>Director Executiv Adjunct \u2013 BOGDAN ELISABETA<\/strong><\/p>\n\n\n\n<p><strong>&#8211; Miercuri: 09.00 &#8211; 12.00<\/strong><\/p>\n\n\n\n<p><strong>27 septembrie 2024<\/strong><\/p>\n\n\n\n<p>Directorul executiv adjunct, doamna Bogdan Elisabeta, va participa la \u0219edin\u021ba Comisiei de dialog social a Jude\u021bului Mure\u0219, organizat\u0103 de c\u0103tre Institu\u021bia Prefectului Jude\u021bul Mure\u0219, \u00een Sala Mic\u0103 de \u0219edin\u021be a Palatului Administrativ, av\u00e2nd pe ordinea de zi: Dezbatere privind problemele din domeniul de interes al institu\u021biilor publice sau al partenerilor sociali.<\/p>\n\n\n\n<p><strong>Interviuri presa &#8211; la solicitare<\/strong><\/p>\n\n\n\n<p><\/p>\n","protected":false},"excerpt":{"rendered":"<p>Rela\u0163iile interinstitu\u0163ionale ale conducerii executive a AJOFM Mure\u015f &nbsp;\u00een perioada 23 SEPTEMBRIE \u2013 27 SEPTEMBRIE 2024 PROGRAM DE AUDIENTE Director Executiv \u2013 \u015eTEF GHEORGHE &#8211; Luni: 09.00 &#8211; 12.00 Director<\/p>\n","protected":false},"author":372,"featured_media":0,"comment_status":"closed","ping_status":"closed","sticky":false,"template":"","format":"standard","meta":{"footnotes":""},"categories":[2],"tags":[],"class_list":["post-4272","post","type-post","status-publish","format-standard","hentry","category-agenda-de-lucru"],"_links":{"self":[{"href":"https:\/\/www.anofm.ro\/mures\/wp-json\/wp\/v2\/posts\/4272","targetHints":{"allow":["GET"]}}],"collection":[{"href":"https:\/\/www.anofm.ro\/mures\/wp-json\/wp\/v2\/posts"}],"about":[{"href":"https:\/\/www.anofm.ro\/mures\/wp-json\/wp\/v2\/types\/post"}],"author":[{"embeddable":true,"href":"https:\/\/www.anofm.ro\/mures\/wp-json\/wp\/v2\/users\/372"}],"replies":[{"embeddable":true,"href":"https:\/\/www.anofm.ro\/mures\/wp-json\/wp\/v2\/comments?post=4272"}],"version-history":[{"count":3,"href":"https:\/\/www.anofm.ro\/mures\/wp-json\/wp\/v2\/posts\/4272\/revisions"}],"predecessor-version":[{"id":4275,"href":"https:\/\/www.anofm.ro\/mures\/wp-json\/wp\/v2\/posts\/4272\/revisions\/4275"}],"wp:attachment":[{"href":"https:\/\/www.anofm.ro\/mures\/wp-json\/wp\/v2\/media?parent=4272"}],"wp:term":[{"taxonomy":"category","embeddable":true,"href":"https:\/\/www.anofm.ro\/mures\/wp-json\/wp\/v2\/categories?post=4272"},{"taxonomy":"post_tag","embeddable":true,"href":"https:\/\/www.anofm.ro\/mures\/wp-json\/wp\/v2\/tags?post=4272"}],"curies":[{"name":"wp","href":"https:\/\/api.w.org\/{rel}","templated":true}]}}