{"id":421,"date":"2023-05-15T00:00:00","date_gmt":"2023-05-14T21:00:00","guid":{"rendered":"https:\/\/www.anofm.ro\/mures\/agenda-de-lucru-pentru-perioada-8-12-mai-2023\/"},"modified":"2023-05-15T00:00:00","modified_gmt":"2023-05-14T21:00:00","slug":"agenda-de-lucru-pentru-perioada-8-12-mai-2023","status":"publish","type":"post","link":"https:\/\/www.anofm.ro\/mures\/agenda-de-lucru-pentru-perioada-8-12-mai-2023\/","title":{"rendered":"Agenda de lucru pentru perioada 8\u201312 mai 2023"},"content":{"rendered":"<div>Rela\u0163iile interinstitu\u0163ionale ale conducerii executive a AJOFM Mure\u015f \u00een perioada 08 mai \u2013 12 mai 2023<\/div>\n<div>PROGRAM DE AUDIENTE<\/div>\n<div>Director Executiv \u2013 \u015eTEF GHEORGHE<\/div>\n<div>&#8211; Luni: 09.00 &#8211; 12.00<\/div>\n<div>Director Executiv Adjunct \u2013 BOGDAN ELISABETA<\/div>\n<div>&#8211; Miercuri: 09.00 &#8211; 12.00<\/div>\n<div>10 mai 2023<\/div>\n<div>Agen\u0163ia Jude\u0163ean\u0103 pentru Ocuparea For\u0163ei de Munc\u0103 Mure\u015f va organiza Ziua por\u021bilor deschise, \u00eentre orele 9,00-16,00, \u00een cadrul S\u0103pt\u0103m\u00e2nii Guvern\u0103rii Deschise (#OpenGovWeek), ac\u021biune anual\u0103 ce se desfasoar\u0103 la nivel global, ini\u021biat\u0103 \u0219i promovat\u0103 de Parteneriatul Pentru o Guvernare Deschis\u0103, prin care se afirm\u0103 angajamentul guvernelor de a deveni mai deschise, mai responsabile prin promovarea tranparen\u021bei, \u00eencurajarea particip\u0103rii civice la via\u021ba public\u0103 \u0219i folosirea noilor tehnologii \u00een administra\u021bie.<\/div>\n<div>12 mai 2023<\/div>\n<div>Agen\u0163ia Jude\u021bean\u0103 pentru Ocuparea For\u0163ei de Munc\u0103 Mure\u0219, anun\u0163\u0103 desf\u0103\u015furarea Bursei Generale a Locurilor de Munc\u0103, la nivel jude\u021bului Mure\u0219, \u00een data de 12 mai 2023, \u00eencep\u00e2nd cu ora 9,00, \u00een urm\u0103toarele loca\u0163ii:<\/div>\n<div>&#8211; Tg. Mure\u015f, la Cinematograful Arta, din Pia\u021ba Trandafirilor, nr. 35-37;<\/div>\n<div>&#8211; Reghin, la sediul punctului de lucru, str. Republicii, nr. 14;<\/div>\n<div>&#8211; T\u00e2rn\u0103veni, la sediul punctului de lucru, str. Republicii, nr. 30, et.III;<\/div>\n<div>&#8211; Sighi\u0219oara, la sediul punctului de lucru, str. Dumbravei, nr. 2;<\/div>\n<div>&#8211; Ludu\u0219, la sediul punctului de lucru, str. Republicii, nr. 43;<\/div>\n<div>&#8211; Sovata, la sediul punctului de lucru, str. Trandafirilor, nr. 25.<\/div>\n<div>Interviuri presa &#8211; la solicitare<\/div>\n","protected":false},"excerpt":{"rendered":"<p>Agenda de lucru pentru perioada 8\u201312 mai 2023<\/p>\n","protected":false},"author":0,"featured_media":0,"comment_status":"closed","ping_status":"closed","sticky":false,"template":"","format":"standard","meta":{"footnotes":""},"categories":[2],"tags":[],"class_list":["post-421","post","type-post","status-publish","format-standard","hentry","category-agenda-de-lucru"],"_links":{"self":[{"href":"https:\/\/www.anofm.ro\/mures\/wp-json\/wp\/v2\/posts\/421","targetHints":{"allow":["GET"]}}],"collection":[{"href":"https:\/\/www.anofm.ro\/mures\/wp-json\/wp\/v2\/posts"}],"about":[{"href":"https:\/\/www.anofm.ro\/mures\/wp-json\/wp\/v2\/types\/post"}],"replies":[{"embeddable":true,"href":"https:\/\/www.anofm.ro\/mures\/wp-json\/wp\/v2\/comments?post=421"}],"version-history":[{"count":0,"href":"https:\/\/www.anofm.ro\/mures\/wp-json\/wp\/v2\/posts\/421\/revisions"}],"wp:attachment":[{"href":"https:\/\/www.anofm.ro\/mures\/wp-json\/wp\/v2\/media?parent=421"}],"wp:term":[{"taxonomy":"category","embeddable":true,"href":"https:\/\/www.anofm.ro\/mures\/wp-json\/wp\/v2\/categories?post=421"},{"taxonomy":"post_tag","embeddable":true,"href":"https:\/\/www.anofm.ro\/mures\/wp-json\/wp\/v2\/tags?post=421"}],"curies":[{"name":"wp","href":"https:\/\/api.w.org\/{rel}","templated":true}]}}