{"id":417,"date":"2023-05-05T00:00:00","date_gmt":"2023-05-04T21:00:00","guid":{"rendered":"https:\/\/www.anofm.ro\/mures\/luna-mai-este-luna-promovarii-economiei-sociale-3\/"},"modified":"2023-05-05T00:00:00","modified_gmt":"2023-05-04T21:00:00","slug":"luna-mai-este-luna-promovarii-economiei-sociale-3","status":"publish","type":"post","link":"https:\/\/www.anofm.ro\/mures\/luna-mai-este-luna-promovarii-economiei-sociale-3\/","title":{"rendered":"Luna mai este luna promov\u0103rii economiei sociale"},"content":{"rendered":"<div>Luna mai este luna promov\u0103rii economiei sociale \u015fi este dedicat\u0103 organiz\u0103rii unor evenimente \u0219i ac\u0163iuni de con\u0219tientizare a importan\u021bei dezvolt\u0103rii acestui sector pentru \u00eentreaga societate, la nivel na\u021bional.<\/div>\n<div>Economia social\u0103 reprezint\u0103 ansamblul activit\u0103\u0163ilor private cu caracter economic \u015fi social, servind interesul general, interesele unei colectivit\u0103\u0163i \u015fi\/sau interesele personale nepatrimoniale, prin cre\u015fterea incluziunii sociale \u015fi\/sau furnizarea de bunuri, prestarea de servicii \u015fi\/sau execu\u0163ia de lucr\u0103ri.<\/div>\n<div>Domeniul economiei sociale, stabilirea m\u0103surilor de promovare \u015fi de sprijinire a economiei sociale, precum \u0219i condi\u0163iile de atestare a \u00eentreprinderilor sociale \u015fi de certificare a \u00eentreprinderilor sociale de inser\u0163ie sunt reglementate de Legea nr. 219\/2015 privind economia social\u0103, cu modific\u0103rile \u0219i complet\u0103rile ulterioare. Contribuind la dezvoltarea comunit\u0103\u0163ilor locale, economia social\u0103 are ca obiective consolidarea coeziunii economice \u015fi sociale, ocuparea for\u0163ei de munc\u0103 \u0219i dezvoltarea serviciilor sociale.<\/div>\n<div class=\"file-list-wrap\">\n<ul class=\"file-list\">\n<li><a href=\"\/upload2\/Mure\u0219\/25948\/2023_05_05_Comunicat_de_presa_economia_sociala.pdf\" download>2023_05_05_Comunicat_de_presa_economia_sociala.pdf<\/a><\/li>\n<\/ul>\n<\/div>\n","protected":false},"excerpt":{"rendered":"<p>Luna mai este luna promov\u0103rii economiei sociale<\/p>\n","protected":false},"author":0,"featured_media":0,"comment_status":"closed","ping_status":"closed","sticky":false,"template":"","format":"standard","meta":{"footnotes":""},"categories":[9],"tags":[],"class_list":["post-417","post","type-post","status-publish","format-standard","hentry","category-comunicate-de-presa"],"_links":{"self":[{"href":"https:\/\/www.anofm.ro\/mures\/wp-json\/wp\/v2\/posts\/417","targetHints":{"allow":["GET"]}}],"collection":[{"href":"https:\/\/www.anofm.ro\/mures\/wp-json\/wp\/v2\/posts"}],"about":[{"href":"https:\/\/www.anofm.ro\/mures\/wp-json\/wp\/v2\/types\/post"}],"replies":[{"embeddable":true,"href":"https:\/\/www.anofm.ro\/mures\/wp-json\/wp\/v2\/comments?post=417"}],"version-history":[{"count":0,"href":"https:\/\/www.anofm.ro\/mures\/wp-json\/wp\/v2\/posts\/417\/revisions"}],"wp:attachment":[{"href":"https:\/\/www.anofm.ro\/mures\/wp-json\/wp\/v2\/media?parent=417"}],"wp:term":[{"taxonomy":"category","embeddable":true,"href":"https:\/\/www.anofm.ro\/mures\/wp-json\/wp\/v2\/categories?post=417"},{"taxonomy":"post_tag","embeddable":true,"href":"https:\/\/www.anofm.ro\/mures\/wp-json\/wp\/v2\/tags?post=417"}],"curies":[{"name":"wp","href":"https:\/\/api.w.org\/{rel}","templated":true}]}}