{"id":415,"date":"2023-05-02T00:00:00","date_gmt":"2023-05-01T21:00:00","guid":{"rendered":"https:\/\/www.anofm.ro\/mures\/agenda-de-lucru-pentru-perioada-2-5-mai-2023\/"},"modified":"2023-05-02T00:00:00","modified_gmt":"2023-05-01T21:00:00","slug":"agenda-de-lucru-pentru-perioada-2-5-mai-2023","status":"publish","type":"post","link":"https:\/\/www.anofm.ro\/mures\/agenda-de-lucru-pentru-perioada-2-5-mai-2023\/","title":{"rendered":"Agenda de lucru pentru perioada 2\u2013 5 mai 2023"},"content":{"rendered":"<div>Rela\u0163iile interinstitu\u0163ionale ale conducerii executive a AJOFM Mure\u015f \u00een perioada 02 mai \u2013 05 mai 2023<\/div>\n<div>PROGRAM DE AUDIENTE<\/div>\n<div>Director Executiv \u2013 \u015eTEF GHEORGHE<\/div>\n<div>&#8211; Luni: 09.00 &#8211; 12.00<\/div>\n<div>Director Executiv Adjunct \u2013 BOGDAN ELISABETA<\/div>\n<div>&#8211; Miercuri: 09.00 &#8211; 12.00<\/div>\n<div>04 mai 2023<\/div>\n<div>Directorul executiv, domnul \u0218tef Gheorghe, va participa la inaugurearea centrului logistic \u2013 Mure\u0219 City Logistics, eveniment organizat de c\u0103tre compania FrieslandCampina Rom\u00e2nia \u0219i dezvoltatorul Global Vision \u0219i Globalworth, \u00een Criste\u0219ti, jude\u021bul Mure\u0219 \u00eentre orele 11:00 \u0219i 13:30.<\/div>\n<div>05 mai 2023<\/div>\n<div>Directorul executiv, domnul \u0218tef Gheorghe, va participa la \u0219edin\u021ba Comisiei de dialog social a jude\u021bului Mure\u0219, organizat\u0103 de c\u0103tre Institu\u021bia Prefectului Jude\u021bul Mure\u0219, \u00een Sala Mic\u0103 de \u0219edin\u021be a Palatului Administrativ, av\u00e2nd ca tem\u0103: \u00cent\u00e2lnire cu parlamentarii mure\u0219eni pentru informarea reciproc\u0103 asupra problemelor \u0219i a ini\u021biativelor legislative.<\/div>\n<p>Interviuri presa &#8211; la solicitare<\/p>\n","protected":false},"excerpt":{"rendered":"<p>Agenda de lucru pentru perioada 2\u2013 5 mai 2023<\/p>\n","protected":false},"author":0,"featured_media":0,"comment_status":"closed","ping_status":"closed","sticky":false,"template":"","format":"standard","meta":{"footnotes":""},"categories":[2],"tags":[],"class_list":["post-415","post","type-post","status-publish","format-standard","hentry","category-agenda-de-lucru"],"_links":{"self":[{"href":"https:\/\/www.anofm.ro\/mures\/wp-json\/wp\/v2\/posts\/415","targetHints":{"allow":["GET"]}}],"collection":[{"href":"https:\/\/www.anofm.ro\/mures\/wp-json\/wp\/v2\/posts"}],"about":[{"href":"https:\/\/www.anofm.ro\/mures\/wp-json\/wp\/v2\/types\/post"}],"replies":[{"embeddable":true,"href":"https:\/\/www.anofm.ro\/mures\/wp-json\/wp\/v2\/comments?post=415"}],"version-history":[{"count":0,"href":"https:\/\/www.anofm.ro\/mures\/wp-json\/wp\/v2\/posts\/415\/revisions"}],"wp:attachment":[{"href":"https:\/\/www.anofm.ro\/mures\/wp-json\/wp\/v2\/media?parent=415"}],"wp:term":[{"taxonomy":"category","embeddable":true,"href":"https:\/\/www.anofm.ro\/mures\/wp-json\/wp\/v2\/categories?post=415"},{"taxonomy":"post_tag","embeddable":true,"href":"https:\/\/www.anofm.ro\/mures\/wp-json\/wp\/v2\/tags?post=415"}],"curies":[{"name":"wp","href":"https:\/\/api.w.org\/{rel}","templated":true}]}}