{"id":4068,"date":"2024-08-23T00:00:00","date_gmt":"2024-08-22T21:00:00","guid":{"rendered":"https:\/\/www.anofm.ro\/mures\/prognoza-cursuri-luna-septembrie-2024\/"},"modified":"2024-08-23T00:00:00","modified_gmt":"2024-08-22T21:00:00","slug":"prognoza-cursuri-luna-septembrie-2024","status":"publish","type":"post","link":"https:\/\/www.anofm.ro\/mures\/prognoza-cursuri-luna-septembrie-2024\/","title":{"rendered":"Prognoz\u0103 cursuri luna septembrie 2024"},"content":{"rendered":"<p class=\"MsoNormal\" style=\"margin-left:0cm\"><span lang=\"PT-BR\"><font style=\"vertical-align: inherit\"><font style=\"vertical-align: inherit\">Planific\u0103m pentru luna septembrie 2024 un <\/font><\/font><b> <\/b><font style=\"vertical-align: inherit\"><font style=\"vertical-align: inherit\">num\u0103r de 1 program de formare profesional\u0103, \u00een urm\u0103toarea meserie :<\/font><\/font><\/span><\/p>\n<p class=\"MsoNormal\" style=\"margin-left:0cm\"><span lang=\"PT-BR\">\u00a0<\/span><\/p>\n<p class=\"MsoNormal\" style=\"margin-left:0cm\"><span lang=\"PT-BR\"><font style=\"vertical-align: inherit\"><font style=\"vertical-align: inherit\">&#8211; INGRIJITOR BATRANI LA DOMICILIU ,loc Targu Mures , curs calificare , 1 curs <\/font><\/font><span>\u00a0 <\/span><font style=\"vertical-align: inherit\"><font style=\"vertical-align: inherit\">cu 14 \u015fomeri<\/font><\/font><\/span><\/p>\n<p class=\"MsoNormal\" style=\"margin-left:0cm\"><span lang=\"PT-BR\">\u00a0<\/span><\/p>\n<p class=\"MsoNormal\" style=\"margin-left:0cm\"><b><span lang=\"RO\"><font style=\"vertical-align: inherit\"><font style=\"vertical-align: inherit\">Total =14 <\/font><\/font><span>\u00a0<\/span><font style=\"vertical-align: inherit\"><font style=\"vertical-align: inherit\">\u015fomeri<\/font><\/font><\/span><\/b><\/p>\n<p><\/p>\n","protected":false},"excerpt":{"rendered":"<p>Prognoz\u0103 cursuri luna septembrie 2024<\/p>\n","protected":false},"author":0,"featured_media":0,"comment_status":"closed","ping_status":"closed","sticky":false,"template":"","format":"standard","meta":{"footnotes":""},"categories":[11],"tags":[],"class_list":["post-4068","post","type-post","status-publish","format-standard","hentry","category-cursuri-de-formare-profesionala"],"_links":{"self":[{"href":"https:\/\/www.anofm.ro\/mures\/wp-json\/wp\/v2\/posts\/4068","targetHints":{"allow":["GET"]}}],"collection":[{"href":"https:\/\/www.anofm.ro\/mures\/wp-json\/wp\/v2\/posts"}],"about":[{"href":"https:\/\/www.anofm.ro\/mures\/wp-json\/wp\/v2\/types\/post"}],"replies":[{"embeddable":true,"href":"https:\/\/www.anofm.ro\/mures\/wp-json\/wp\/v2\/comments?post=4068"}],"version-history":[{"count":0,"href":"https:\/\/www.anofm.ro\/mures\/wp-json\/wp\/v2\/posts\/4068\/revisions"}],"wp:attachment":[{"href":"https:\/\/www.anofm.ro\/mures\/wp-json\/wp\/v2\/media?parent=4068"}],"wp:term":[{"taxonomy":"category","embeddable":true,"href":"https:\/\/www.anofm.ro\/mures\/wp-json\/wp\/v2\/categories?post=4068"},{"taxonomy":"post_tag","embeddable":true,"href":"https:\/\/www.anofm.ro\/mures\/wp-json\/wp\/v2\/tags?post=4068"}],"curies":[{"name":"wp","href":"https:\/\/api.w.org\/{rel}","templated":true}]}}