{"id":4042,"date":"2024-07-23T00:00:00","date_gmt":"2024-07-22T21:00:00","guid":{"rendered":"https:\/\/www.anofm.ro\/mures\/agenda-de-lucru-pentru-perioada-15-iulie-19-iulie-2024\/"},"modified":"2024-07-23T00:00:00","modified_gmt":"2024-07-22T21:00:00","slug":"agenda-de-lucru-pentru-perioada-15-iulie-19-iulie-2024","status":"publish","type":"post","link":"https:\/\/www.anofm.ro\/mures\/agenda-de-lucru-pentru-perioada-15-iulie-19-iulie-2024\/","title":{"rendered":"Agenda de lucru pentru perioada 15 IULIE \u2013 19 IULIE 2024"},"content":{"rendered":"<div>Rela\u0163iile interinstitu\u0163ionale ale conducerii executive a AJOFM Mure\u015f \u00een perioada 15 IULIE \u2013 19 IULIE 2024<\/div>\n<div>PROGRAM DE AUDIENTE<\/div>\n<div>Director Executiv \u2013 \u015eTEF GHEORGHE<\/div>\n<div>&#8211; Luni: 09.00 &#8211; 12.00<\/div>\n<div>Director Executiv Adjunct \u2013 BOGDAN ELISABETA<\/div>\n<div>&#8211; Miercuri: 09.00 &#8211; 12.00<\/div>\n<p>15-19 iulie 2024<\/p>\n<p>Directorul executiv, domnul \u0218tef Gheorghe, va participa la cursul \u201cManagemant \u00een contextul digitaliz\u0103rii administra\u021biei publice\u201d, organizat de Centrul Na\u0163ional de Formare Profesional\u0103 a Personalului Propriu R\u00e2\u0219nov, la sediul din R\u00e2\u0219nov.<\/p>\n<p>17 iulie 2024<\/p>\n<div><span style=\"font-size: 1rem\">Directorul executiv adjunct, doamna Bogdan Elisabeta, va participa la \u0219edin\u021ba Comisiei de dialog social a Jude\u021bului Mure\u0219, organizat\u0103 de c\u0103tre Institu\u021bia Prefectului Jude\u021bul Mure\u0219, \u00een Sala Mic\u0103 de \u0219edin\u021be a Palatului Administrativ, av\u00e2nd pe ordinea de zi: Probleme de personal al Inspectoratului Teritorial de Munc\u0103 Mure\u0219 \u0219i Problematica tinerilor NEETs (tineri care nu sunt \u00eencadra\u021bi profesional \u0219i nu urmeaz\u0103 niciun orogram educa\u021bional sau de formare) tem\u0103 solicitat\u0103 de Ministerul Muncii \u0219i Solidarit\u0103\u021bii Sociale \u0219i prezentat\u0103 de directorul executiv adjunct.<\/span><span style=\"font-size: 1rem\">.<\/span><\/div>\n<div>Interviuri presa &#8211; la solicitare<\/div>\n","protected":false},"excerpt":{"rendered":"<p>Agenda de lucru pentru perioada 15 IULIE \u2013 19 IULIE 2024<\/p>\n","protected":false},"author":0,"featured_media":0,"comment_status":"closed","ping_status":"closed","sticky":false,"template":"","format":"standard","meta":{"footnotes":""},"categories":[2],"tags":[],"class_list":["post-4042","post","type-post","status-publish","format-standard","hentry","category-agenda-de-lucru"],"_links":{"self":[{"href":"https:\/\/www.anofm.ro\/mures\/wp-json\/wp\/v2\/posts\/4042","targetHints":{"allow":["GET"]}}],"collection":[{"href":"https:\/\/www.anofm.ro\/mures\/wp-json\/wp\/v2\/posts"}],"about":[{"href":"https:\/\/www.anofm.ro\/mures\/wp-json\/wp\/v2\/types\/post"}],"replies":[{"embeddable":true,"href":"https:\/\/www.anofm.ro\/mures\/wp-json\/wp\/v2\/comments?post=4042"}],"version-history":[{"count":0,"href":"https:\/\/www.anofm.ro\/mures\/wp-json\/wp\/v2\/posts\/4042\/revisions"}],"wp:attachment":[{"href":"https:\/\/www.anofm.ro\/mures\/wp-json\/wp\/v2\/media?parent=4042"}],"wp:term":[{"taxonomy":"category","embeddable":true,"href":"https:\/\/www.anofm.ro\/mures\/wp-json\/wp\/v2\/categories?post=4042"},{"taxonomy":"post_tag","embeddable":true,"href":"https:\/\/www.anofm.ro\/mures\/wp-json\/wp\/v2\/tags?post=4042"}],"curies":[{"name":"wp","href":"https:\/\/api.w.org\/{rel}","templated":true}]}}