{"id":4040,"date":"2024-07-23T00:00:00","date_gmt":"2024-07-22T21:00:00","guid":{"rendered":"https:\/\/www.anofm.ro\/mures\/2-programe-de-formare-profesionala-vor-incepe-in-luna-august-2024\/"},"modified":"2024-07-23T00:00:00","modified_gmt":"2024-07-22T21:00:00","slug":"2-programe-de-formare-profesionala-vor-incepe-in-luna-august-2024","status":"publish","type":"post","link":"https:\/\/www.anofm.ro\/mures\/2-programe-de-formare-profesionala-vor-incepe-in-luna-august-2024\/","title":{"rendered":"2 programe de formare profesional\u0103 vor \u00eencepe \u00een luna august 2024"},"content":{"rendered":"<div>Agen\u021bia Jude\u021bean\u0103 pentru Ocuparea For\u021bei de Munc\u0103 Mure\u015f inten\u0163ioneaz\u0103 s\u0103 organizeze p\u00e2n\u0103 la 31 august 2024, 2 programe de formare profesional\u0103 \u00een urm\u0103toarele meserii \u015fi ocupa\u0163ii:<\/div>\n<div>1. Ajutor buc\u0103tar, program de calificare (Ludu\u0219);<\/div>\n<div>2. Lucr\u0103tor comercial, program de calificare (Tg. Mure\u015f).<\/div>\n<div class=\"file-list-wrap\">\n<ul class=\"file-list\">\n<li><a href=\"\/upload2\/Mure\u0219\/30246\/2024_07_12_Comunicat_cursuri_formare_profesionala_prognoza.pdf\" download>2024_07_12_Comunicat_cursuri_formare_profesionala_prognoza.pdf<\/a><\/li>\n<\/ul>\n<\/div>\n","protected":false},"excerpt":{"rendered":"<p>2 programe de formare profesional\u0103 vor \u00eencepe \u00een luna august 2024<\/p>\n","protected":false},"author":0,"featured_media":0,"comment_status":"closed","ping_status":"closed","sticky":false,"template":"","format":"standard","meta":{"footnotes":""},"categories":[9],"tags":[],"class_list":["post-4040","post","type-post","status-publish","format-standard","hentry","category-comunicate-de-presa"],"_links":{"self":[{"href":"https:\/\/www.anofm.ro\/mures\/wp-json\/wp\/v2\/posts\/4040","targetHints":{"allow":["GET"]}}],"collection":[{"href":"https:\/\/www.anofm.ro\/mures\/wp-json\/wp\/v2\/posts"}],"about":[{"href":"https:\/\/www.anofm.ro\/mures\/wp-json\/wp\/v2\/types\/post"}],"replies":[{"embeddable":true,"href":"https:\/\/www.anofm.ro\/mures\/wp-json\/wp\/v2\/comments?post=4040"}],"version-history":[{"count":0,"href":"https:\/\/www.anofm.ro\/mures\/wp-json\/wp\/v2\/posts\/4040\/revisions"}],"wp:attachment":[{"href":"https:\/\/www.anofm.ro\/mures\/wp-json\/wp\/v2\/media?parent=4040"}],"wp:term":[{"taxonomy":"category","embeddable":true,"href":"https:\/\/www.anofm.ro\/mures\/wp-json\/wp\/v2\/categories?post=4040"},{"taxonomy":"post_tag","embeddable":true,"href":"https:\/\/www.anofm.ro\/mures\/wp-json\/wp\/v2\/tags?post=4040"}],"curies":[{"name":"wp","href":"https:\/\/api.w.org\/{rel}","templated":true}]}}