{"id":4036,"date":"2024-06-27T00:00:00","date_gmt":"2024-06-26T21:00:00","guid":{"rendered":"https:\/\/www.anofm.ro\/mures\/agenda-de-lucru-pentru-perioada-25-iunie-28-iunie-2024\/"},"modified":"2024-06-27T00:00:00","modified_gmt":"2024-06-26T21:00:00","slug":"agenda-de-lucru-pentru-perioada-25-iunie-28-iunie-2024","status":"publish","type":"post","link":"https:\/\/www.anofm.ro\/mures\/agenda-de-lucru-pentru-perioada-25-iunie-28-iunie-2024\/","title":{"rendered":"Agenda de lucru pentru perioada 25 IUNIE \u2013 28 IUNIE 2024"},"content":{"rendered":"<div>Rela\u0163iile interinstitu\u0163ionale ale conducerii executive a AJOFM Mure\u015f \u00een perioada 25 IUNIE \u2013 28 IUNIE 2024<\/div>\n<div>PROGRAM DE AUDIENTE<\/div>\n<div>Director Executiv \u2013 \u015eTEF GHEORGHE<\/div>\n<div>&#8211; Luni: 09.00 &#8211; 12.00<\/div>\n<div>Director Executiv Adjunct \u2013 BOGDAN ELISABETA<\/div>\n<div>&#8211; Miercuri: 09.00 &#8211; 12.00<\/div>\n<div>26 iunie 2024<\/div>\n<div>Directorul executiv, domnul \u0218tef Gheorghe, va participa la \u0219edin\u021ba Colegiului Prefectural al Jude\u021bului Mure\u0219, organizat\u0103 de c\u0103tre Institu\u021bia Prefectului Jude\u021bul Mure\u0219, \u00een Sala Mare de \u0219edin\u021be a Palatului Administrativ, av\u00e2nd pe ordinea de zi: Raport privind finan\u021b\u0103rile nerambursabile acordate IMM-urilor \u00een anul 2023 de c\u0103tre Agen\u021bia pentru Intreprinderi Mici \u0219i Mijlocii Tg. Mure\u0219. Programe implementate \u00een anul 2024 pentru sus\u021binerea IMM; Diverse.<\/div>\n<div>26 iunie 2024<\/div>\n<div>Directorul executiv, domnul \u0218tef Gheorghe, va participa la \u0219edin\u021ba Consiliului Consultativ al Centrului Regional de Formare Profesional\u0103 a Adul\u021bilor Mures, cu urm\u0103toarea ordine de zi: Informare privind realizarea Indicatorilor de performan\u021b\u0103 managerial\u0103 la data de 31.05.2024; Propuneri din partea membrilor Consiliului Consultativ al CRFPA Mure\u0219, privind \u00eembun\u0103t\u0103\u021birea activit\u0103\u021bii de formare profesional\u0103; Diverse.<\/div>\n<div>28 iunie 2024<\/div>\n<div>Directorul executiv, domnul \u0218tef Gheorghe, va participa la \u0219edin\u021ba Comisiei de dialog social a Jude\u021bului Mure\u0219, organizat\u0103 de c\u0103tre Institu\u021bia Prefectului Jude\u021bul Mure\u0219, \u00een Sala Mic\u0103 de \u0219edin\u021be a Palatului Administrativ, av\u00e2nd pe ordinea de zi: Dezbatere privind problemele din domeniul de interes al institu\u021biilor publice sau al partenerilor sociali.<\/div>\n<div>Interviuri presa &#8211; la solicitare<\/div>\n","protected":false},"excerpt":{"rendered":"<p>Agenda de lucru pentru perioada 25 IUNIE \u2013 28 IUNIE 2024<\/p>\n","protected":false},"author":0,"featured_media":0,"comment_status":"closed","ping_status":"closed","sticky":false,"template":"","format":"standard","meta":{"footnotes":""},"categories":[2],"tags":[],"class_list":["post-4036","post","type-post","status-publish","format-standard","hentry","category-agenda-de-lucru"],"_links":{"self":[{"href":"https:\/\/www.anofm.ro\/mures\/wp-json\/wp\/v2\/posts\/4036","targetHints":{"allow":["GET"]}}],"collection":[{"href":"https:\/\/www.anofm.ro\/mures\/wp-json\/wp\/v2\/posts"}],"about":[{"href":"https:\/\/www.anofm.ro\/mures\/wp-json\/wp\/v2\/types\/post"}],"replies":[{"embeddable":true,"href":"https:\/\/www.anofm.ro\/mures\/wp-json\/wp\/v2\/comments?post=4036"}],"version-history":[{"count":0,"href":"https:\/\/www.anofm.ro\/mures\/wp-json\/wp\/v2\/posts\/4036\/revisions"}],"wp:attachment":[{"href":"https:\/\/www.anofm.ro\/mures\/wp-json\/wp\/v2\/media?parent=4036"}],"wp:term":[{"taxonomy":"category","embeddable":true,"href":"https:\/\/www.anofm.ro\/mures\/wp-json\/wp\/v2\/categories?post=4036"},{"taxonomy":"post_tag","embeddable":true,"href":"https:\/\/www.anofm.ro\/mures\/wp-json\/wp\/v2\/tags?post=4036"}],"curies":[{"name":"wp","href":"https:\/\/api.w.org\/{rel}","templated":true}]}}