{"id":399,"date":"2023-03-30T00:00:00","date_gmt":"2023-03-29T21:00:00","guid":{"rendered":"https:\/\/www.anofm.ro\/mures\/a-maros-megyei-munkaero-foglalkoztatasi-ugynokseg-nyilvantartasaban-szereplo-adatok-szerint-2023-februarjaba-a-munkanelkulisegi-arany-319-volt\/"},"modified":"2023-03-30T00:00:00","modified_gmt":"2023-03-29T21:00:00","slug":"a-maros-megyei-munkaero-foglalkoztatasi-ugynokseg-nyilvantartasaban-szereplo-adatok-szerint-2023-februarjaba-a-munkanelkulisegi-arany-319-volt","status":"publish","type":"post","link":"https:\/\/www.anofm.ro\/mures\/a-maros-megyei-munkaero-foglalkoztatasi-ugynokseg-nyilvantartasaban-szereplo-adatok-szerint-2023-februarjaba-a-munkanelkulisegi-arany-319-volt\/","title":{"rendered":"A Maros Megyei Munkaer\u0151-foglalkoztat\u00e1si \u00dcgyn\u00f6ks\u00e9g nyilv\u00e1ntart\u00e1s\u00e1ban szerepl\u0151 adatok szerint 2023 FEBRU\u00c1RJ\u00c1BA a munkan\u00e9lk\u00fclis\u00e9gi ar\u00e1ny 3,19% volt"},"content":{"rendered":"<div>Febru\u00e1r v\u00e9g\u00e9n a Maros Megyei Munkaer\u0151-foglalkoztat\u00e1si \u00dcgyn\u00f6ks\u00e9g 6616 munkan\u00e9lk\u00fcli szem\u00e9lyt tartott nyilv\u00e1n (ebb\u0151l 3050 n\u0151), \u00edgy a munkan\u00e9lk\u00fclis\u00e9gi ar\u00e1ny 3,19%-os.<\/div>\n<div>Az el\u0151z\u0151 h\u00f3naphoz k\u00e9pest, amikor a munkan\u00e9lk\u00fclis\u00e9gi ar\u00e1ny 3,23%-os volt, ebben a h\u00f3napban ez a mutat\u00f3 0,04 sz\u00e1zal\u00e9kponttal cs\u00f6kkent.<\/div>\n","protected":false},"excerpt":{"rendered":"<p>A Maros Megyei Munkaer\u0151-foglalkoztat\u00e1si \u00dcgyn\u00f6ks\u00e9g nyilv\u00e1ntart\u00e1s\u00e1ban szerepl\u0151 adatok szerint 2023 FEBRU\u00c1RJ\u00c1BA a munkan\u00e9lk\u00fclis\u00e9gi ar\u00e1ny 3,19% volt<\/p>\n","protected":false},"author":0,"featured_media":0,"comment_status":"closed","ping_status":"closed","sticky":false,"template":"","format":"standard","meta":{"footnotes":""},"categories":[9],"tags":[],"class_list":["post-399","post","type-post","status-publish","format-standard","hentry","category-comunicate-de-presa"],"_links":{"self":[{"href":"https:\/\/www.anofm.ro\/mures\/wp-json\/wp\/v2\/posts\/399","targetHints":{"allow":["GET"]}}],"collection":[{"href":"https:\/\/www.anofm.ro\/mures\/wp-json\/wp\/v2\/posts"}],"about":[{"href":"https:\/\/www.anofm.ro\/mures\/wp-json\/wp\/v2\/types\/post"}],"replies":[{"embeddable":true,"href":"https:\/\/www.anofm.ro\/mures\/wp-json\/wp\/v2\/comments?post=399"}],"version-history":[{"count":0,"href":"https:\/\/www.anofm.ro\/mures\/wp-json\/wp\/v2\/posts\/399\/revisions"}],"wp:attachment":[{"href":"https:\/\/www.anofm.ro\/mures\/wp-json\/wp\/v2\/media?parent=399"}],"wp:term":[{"taxonomy":"category","embeddable":true,"href":"https:\/\/www.anofm.ro\/mures\/wp-json\/wp\/v2\/categories?post=399"},{"taxonomy":"post_tag","embeddable":true,"href":"https:\/\/www.anofm.ro\/mures\/wp-json\/wp\/v2\/tags?post=399"}],"curies":[{"name":"wp","href":"https:\/\/api.w.org\/{rel}","templated":true}]}}