{"id":3958,"date":"2024-06-18T00:00:00","date_gmt":"2024-06-17T21:00:00","guid":{"rendered":"https:\/\/www.anofm.ro\/mures\/stimulente-pentru-angajarea-elevilor-si-studentilor-pe-perioada-vacantei-2\/"},"modified":"2024-06-18T00:00:00","modified_gmt":"2024-06-17T21:00:00","slug":"stimulente-pentru-angajarea-elevilor-si-studentilor-pe-perioada-vacantei-2","status":"publish","type":"post","link":"https:\/\/www.anofm.ro\/mures\/stimulente-pentru-angajarea-elevilor-si-studentilor-pe-perioada-vacantei-2\/","title":{"rendered":"Stimulente pentru angajarea elevilor \u015fi studen\u0163ilor pe perioada vacan\u0163ei"},"content":{"rendered":"<p>Agen\u021bia Jude\u021bean\u0103 pentru Ocuparea For\u021bei de Munc\u0103 Mure\u0219 reaminte\u0219te faptul c\u0103 firmele care angajeaz\u0103 \u00een perioada vacan\u021bei elevi sau studen\u021bi pot beneficia de un stimulent financiar lunar egal cu 50% din valoarea indicatorului social de referin\u021b\u0103 (ISR) al asigur\u0103rilor pentru \u0219omaj \u0219i stimul\u0103rii ocup\u0103rii for\u021bei de munc\u0103 (valoarea ISR, actualizat\u0103 \u00een 2024 este de 660 lei).<\/p>\n<p>Pentru ob\u021binerea de informa\u021bii suplimentare, angajatorii interesa\u0163i se pot adresa Agen\u0163iei Jude\u0163ene pentru Ocuparea For\u0163ei de Munc\u0103 Mure\u0219, telefon 0265269247, int.110, e-mail: ajofm.ms@anofm.gov.ro .\u00a0<\/p>\n<p>Alte informa\u021bii sunt disponibile pe site-ul www.anofm.ro.<\/p>\n<div class=\"file-list-wrap\">\n<ul class=\"file-list\">\n<li><a href=\"\/upload2\/Mure\u0219\/30024\/2024_06_18_Comunicat_stimulente_financiare_pentru_angajarea_elevilor_si_studentilor.pdf\" download>2024_06_18_Comunicat_stimulente_financiare_pentru_angajarea_elevilor_si_studentilor.pdf<\/a><\/li>\n<\/ul>\n<\/div>\n","protected":false},"excerpt":{"rendered":"<p>Stimulente pentru angajarea elevilor \u015fi studen\u0163ilor pe perioada vacan\u0163ei<\/p>\n","protected":false},"author":0,"featured_media":0,"comment_status":"closed","ping_status":"closed","sticky":false,"template":"","format":"standard","meta":{"footnotes":""},"categories":[9],"tags":[],"class_list":["post-3958","post","type-post","status-publish","format-standard","hentry","category-comunicate-de-presa"],"_links":{"self":[{"href":"https:\/\/www.anofm.ro\/mures\/wp-json\/wp\/v2\/posts\/3958","targetHints":{"allow":["GET"]}}],"collection":[{"href":"https:\/\/www.anofm.ro\/mures\/wp-json\/wp\/v2\/posts"}],"about":[{"href":"https:\/\/www.anofm.ro\/mures\/wp-json\/wp\/v2\/types\/post"}],"replies":[{"embeddable":true,"href":"https:\/\/www.anofm.ro\/mures\/wp-json\/wp\/v2\/comments?post=3958"}],"version-history":[{"count":0,"href":"https:\/\/www.anofm.ro\/mures\/wp-json\/wp\/v2\/posts\/3958\/revisions"}],"wp:attachment":[{"href":"https:\/\/www.anofm.ro\/mures\/wp-json\/wp\/v2\/media?parent=3958"}],"wp:term":[{"taxonomy":"category","embeddable":true,"href":"https:\/\/www.anofm.ro\/mures\/wp-json\/wp\/v2\/categories?post=3958"},{"taxonomy":"post_tag","embeddable":true,"href":"https:\/\/www.anofm.ro\/mures\/wp-json\/wp\/v2\/tags?post=3958"}],"curies":[{"name":"wp","href":"https:\/\/api.w.org\/{rel}","templated":true}]}}