{"id":3953,"date":"2024-06-11T00:00:00","date_gmt":"2024-06-10T21:00:00","guid":{"rendered":"https:\/\/www.anofm.ro\/mures\/in-atentia-absolventilor-de-invatamant-promotia-2024\/"},"modified":"2024-06-11T00:00:00","modified_gmt":"2024-06-10T21:00:00","slug":"in-atentia-absolventilor-de-invatamant-promotia-2024","status":"publish","type":"post","link":"https:\/\/www.anofm.ro\/mures\/in-atentia-absolventilor-de-invatamant-promotia-2024\/","title":{"rendered":"In aten\u0163ia absolven\u0163ilor de \u00eenv\u0103\u021b\u0103m\u00e2nt, promo\u0163ia 2024"},"content":{"rendered":"<p>Absolven\u0163ii de \u00eenv\u0103\u021b\u0103m\u00e2nt din promo\u0163ia 2024 sunt a\u015ftepta\u0163i s\u0103 se \u00eenregistreze \u00een eviden\u0163ele Agen\u021biei Jude\u021bene pentru Ocuparea For\u021bei de Munc\u0103 Mure\u0219 \u0219i la punctele de lucru Ludu\u0219, Reghin, Sighi\u0219oara, T\u00e2rn\u0103veni \u0219i Sovata, \u00een raza c\u0103rora \u00ee\u0219i au domiciliul, pentru a putea beneficia de servicii gratuite de informare \u015fi consiliere profesional\u0103, mediere a muncii, servicii de formare profesional\u0103, precum \u0219i de alte m\u0103suri de stimulare a ocup\u0103rii.<\/p>\n<p>Pentru informa\u021bii suplimentare privind acordarea indemniza\u021biei de \u0219omaj v\u0103 pute\u021bi adresa at\u00e2t agen\u021biei locale pentru ocuparea for\u021bei de munc\u0103 din Tg. Mure\u0219 c\u00e2t \u0219i punctelor de lucru din jude\u021b. Alte informa\u021bii privind acordarea indemniza\u021biei de \u0219omaj pentru absolven\u021bii de \u00eenv\u0103\u021b\u0103m\u00e2nt sunt afi\u015fate pe site-ul institu\u021biei www.anofm.ro, sec\u021biunea Persoane fizice\/ Indemniza\u021bii de \u0219omaj si venituri de completare.<\/p>\n<div class=\"file-list-wrap\">\n<ul class=\"file-list\">\n<li><a href=\"\/upload2\/Mure\u0219\/29974\/2024_06_04_Comunicat_inregistrare_absolventi_2024_.pdf\" download>2024_06_04_Comunicat_inregistrare_absolventi_2024_.pdf<\/a><\/li>\n<\/ul>\n<\/div>\n","protected":false},"excerpt":{"rendered":"<p>In aten\u0163ia absolven\u0163ilor de \u00eenv\u0103\u021b\u0103m\u00e2nt, promo\u0163ia 2024<\/p>\n","protected":false},"author":0,"featured_media":0,"comment_status":"closed","ping_status":"closed","sticky":false,"template":"","format":"standard","meta":{"footnotes":""},"categories":[9],"tags":[],"class_list":["post-3953","post","type-post","status-publish","format-standard","hentry","category-comunicate-de-presa"],"_links":{"self":[{"href":"https:\/\/www.anofm.ro\/mures\/wp-json\/wp\/v2\/posts\/3953","targetHints":{"allow":["GET"]}}],"collection":[{"href":"https:\/\/www.anofm.ro\/mures\/wp-json\/wp\/v2\/posts"}],"about":[{"href":"https:\/\/www.anofm.ro\/mures\/wp-json\/wp\/v2\/types\/post"}],"replies":[{"embeddable":true,"href":"https:\/\/www.anofm.ro\/mures\/wp-json\/wp\/v2\/comments?post=3953"}],"version-history":[{"count":0,"href":"https:\/\/www.anofm.ro\/mures\/wp-json\/wp\/v2\/posts\/3953\/revisions"}],"wp:attachment":[{"href":"https:\/\/www.anofm.ro\/mures\/wp-json\/wp\/v2\/media?parent=3953"}],"wp:term":[{"taxonomy":"category","embeddable":true,"href":"https:\/\/www.anofm.ro\/mures\/wp-json\/wp\/v2\/categories?post=3953"},{"taxonomy":"post_tag","embeddable":true,"href":"https:\/\/www.anofm.ro\/mures\/wp-json\/wp\/v2\/tags?post=3953"}],"curies":[{"name":"wp","href":"https:\/\/api.w.org\/{rel}","templated":true}]}}