{"id":3934,"date":"2024-05-13T00:00:00","date_gmt":"2024-05-12T21:00:00","guid":{"rendered":"https:\/\/www.anofm.ro\/mures\/luna-mai-este-luna-promovarii-economiei-sociale-4\/"},"modified":"2024-05-13T00:00:00","modified_gmt":"2024-05-12T21:00:00","slug":"luna-mai-este-luna-promovarii-economiei-sociale-4","status":"publish","type":"post","link":"https:\/\/www.anofm.ro\/mures\/luna-mai-este-luna-promovarii-economiei-sociale-4\/","title":{"rendered":"Luna mai este luna promov\u0103rii economiei sociale"},"content":{"rendered":"<div>Luna mai este luna promov\u0103rii economiei sociale \u015fi este dedicat\u0103 organiz\u0103rii unor evenimente \u0219i ac\u0163iuni de con\u0219tientizare a importan\u021bei dezvolt\u0103rii acestui sector pentru \u00eentreaga societate, la nivel na\u021bional.<\/div>\n<div>\n<p>Economia social\u0103 reprezint\u0103 ansamblul activit\u0103\u0163ilor private cu caracter economic \u015fi social, servind interesul general, interesele unei colectivit\u0103\u0163i \u015fi\/sau interesele personale nepatrimoniale, prin cre\u015fterea incluziunii sociale \u015fi\/sau furnizarea de bunuri, prestarea de servicii \u015fi\/sau execu\u0163ia de lucr\u0103ri.<\/p>\n<\/div>\n<p>Persoana responsabil\u0103 din cadrul compartimentului de economie social\u0103 al AJOFM Mure\u0219 este domnul Mogo\u0219 Dorin, inspector, telefon 0265269247 int.116, e-mail: dorin.mogos.ms@anofm.gov.ro.<\/p>\n<\/p>\n<div class=\"file-list-wrap\">\n<ul class=\"file-list\">\n<li><a href=\"\/upload2\/Mure\u0219\/29645\/2024_05_13_Comunicat_de_presa_economia_sociala.pdf\" download>2024_05_13_Comunicat_de_presa_economia_sociala.pdf<\/a><\/li>\n<\/ul>\n<\/div>\n","protected":false},"excerpt":{"rendered":"<p>Luna mai este luna promov\u0103rii economiei sociale<\/p>\n","protected":false},"author":0,"featured_media":0,"comment_status":"closed","ping_status":"closed","sticky":false,"template":"","format":"standard","meta":{"footnotes":""},"categories":[9],"tags":[],"class_list":["post-3934","post","type-post","status-publish","format-standard","hentry","category-comunicate-de-presa"],"_links":{"self":[{"href":"https:\/\/www.anofm.ro\/mures\/wp-json\/wp\/v2\/posts\/3934","targetHints":{"allow":["GET"]}}],"collection":[{"href":"https:\/\/www.anofm.ro\/mures\/wp-json\/wp\/v2\/posts"}],"about":[{"href":"https:\/\/www.anofm.ro\/mures\/wp-json\/wp\/v2\/types\/post"}],"replies":[{"embeddable":true,"href":"https:\/\/www.anofm.ro\/mures\/wp-json\/wp\/v2\/comments?post=3934"}],"version-history":[{"count":0,"href":"https:\/\/www.anofm.ro\/mures\/wp-json\/wp\/v2\/posts\/3934\/revisions"}],"wp:attachment":[{"href":"https:\/\/www.anofm.ro\/mures\/wp-json\/wp\/v2\/media?parent=3934"}],"wp:term":[{"taxonomy":"category","embeddable":true,"href":"https:\/\/www.anofm.ro\/mures\/wp-json\/wp\/v2\/categories?post=3934"},{"taxonomy":"post_tag","embeddable":true,"href":"https:\/\/www.anofm.ro\/mures\/wp-json\/wp\/v2\/tags?post=3934"}],"curies":[{"name":"wp","href":"https:\/\/api.w.org\/{rel}","templated":true}]}}