{"id":3931,"date":"2024-04-26T00:00:00","date_gmt":"2024-04-25T21:00:00","guid":{"rendered":"https:\/\/www.anofm.ro\/mures\/ajofm-mures-organizeaza-in-luna-mai-bursa-generala-a-locurilor-de-munca-3\/"},"modified":"2024-04-26T00:00:00","modified_gmt":"2024-04-25T21:00:00","slug":"ajofm-mures-organizeaza-in-luna-mai-bursa-generala-a-locurilor-de-munca-3","status":"publish","type":"post","link":"https:\/\/www.anofm.ro\/mures\/ajofm-mures-organizeaza-in-luna-mai-bursa-generala-a-locurilor-de-munca-3\/","title":{"rendered":"AJOFM Mure\u0219 organizeaz\u0103 \u00een luna mai Bursa General\u0103 a Locurilor de Munc\u0103"},"content":{"rendered":"<div>Agen\u0163ia Jude\u021bean\u0103 pentru Ocuparea For\u0163ei de Munc\u0103 Mure\u0219, anun\u0163\u0103 desf\u0103\u015furarea Bursei Generale a Locurilor de Munc\u0103, la nivel jude\u021bului Mure\u0219, \u00een data de 17 mai 2024, \u00eencep\u00e2nd cu ora 9,00, \u00een urm\u0103toarele loca\u0163ii:<\/div>\n<div>&#8211; Tg. Mure\u015f, la Sala Polivalent\u0103, Aleea Parcul Sportivilor, nr. 1;<\/div>\n<div>&#8211; Reghin, la sediul punctului de lucru, str. Republicii, nr. 14;<\/div>\n<div>&#8211; T\u00e2rn\u0103veni, la sediul punctului de lucru, str. Republicii, nr. 30, et.III;<\/div>\n<div>&#8211; Sighi\u0219oara, la sediul punctului de lucru, str. Dumbravei, nr. 2;<\/div>\n<div>&#8211; Ludu\u0219, la sediul punctului de lucru, str. Republicii, nr. 43;<\/div>\n<div>&#8211; Sovata, la sediul punctului de lucru, str. Trandafirilor, nr. 25.<\/div>\n<div class=\"file-list-wrap\">\n<ul class=\"file-list\">\n<li><a href=\"\/upload2\/Mure\u0219\/29550\/2024_04_26_Comunicat_de_presa_organizare_bursa_generala.pdf\" download>2024_04_26_Comunicat_de_presa_organizare_bursa_generala.pdf<\/a><\/li>\n<\/ul>\n<\/div>\n","protected":false},"excerpt":{"rendered":"<p>AJOFM Mure\u0219 organizeaz\u0103 \u00een luna mai Bursa General\u0103 a Locurilor de Munc\u0103<\/p>\n","protected":false},"author":0,"featured_media":0,"comment_status":"closed","ping_status":"closed","sticky":false,"template":"","format":"standard","meta":{"footnotes":""},"categories":[9],"tags":[],"class_list":["post-3931","post","type-post","status-publish","format-standard","hentry","category-comunicate-de-presa"],"_links":{"self":[{"href":"https:\/\/www.anofm.ro\/mures\/wp-json\/wp\/v2\/posts\/3931","targetHints":{"allow":["GET"]}}],"collection":[{"href":"https:\/\/www.anofm.ro\/mures\/wp-json\/wp\/v2\/posts"}],"about":[{"href":"https:\/\/www.anofm.ro\/mures\/wp-json\/wp\/v2\/types\/post"}],"replies":[{"embeddable":true,"href":"https:\/\/www.anofm.ro\/mures\/wp-json\/wp\/v2\/comments?post=3931"}],"version-history":[{"count":0,"href":"https:\/\/www.anofm.ro\/mures\/wp-json\/wp\/v2\/posts\/3931\/revisions"}],"wp:attachment":[{"href":"https:\/\/www.anofm.ro\/mures\/wp-json\/wp\/v2\/media?parent=3931"}],"wp:term":[{"taxonomy":"category","embeddable":true,"href":"https:\/\/www.anofm.ro\/mures\/wp-json\/wp\/v2\/categories?post=3931"},{"taxonomy":"post_tag","embeddable":true,"href":"https:\/\/www.anofm.ro\/mures\/wp-json\/wp\/v2\/tags?post=3931"}],"curies":[{"name":"wp","href":"https:\/\/api.w.org\/{rel}","templated":true}]}}